{"id":1016,"date":"2017-10-13T12:18:27","date_gmt":"2017-10-13T12:18:27","guid":{"rendered":"http:\/\/www.rivera.gub.uy\/medioambiente\/?p=1016"},"modified":"2017-10-13T12:20:46","modified_gmt":"2017-10-13T12:20:46","slug":"buenas-practicas-agricolas-para-hortalizas-y-frutas-frescas","status":"publish","type":"post","link":"https:\/\/www.rivera.gub.uy\/medioambiente\/buenas-practicas-agricolas-para-hortalizas-y-frutas-frescas\/","title":{"rendered":"Buenas Pr\u00e1cticas Agr\u00edcolas para Hortalizas y Frutas Frescas"},"content":{"rendered":"<p>Capacitaci\u00f3n en el marco del Proyecto \u201cFortalecimiento de la Cadena de Producci\u00f3n de Sandia en Productores Familiares\u201d \u00a0FDI-OPP \u2013 IDR.<!--more--><\/p>\n<p>Se dictar\u00e1, en coordinaci\u00f3n entre la Intendencia Departamental de Rivera y la DIGEGRA \u00a0y con el apoyo de la Sociedad de Fomento Rural de Rivera, el Curso \u201c<strong>Buenas Pr\u00e1cticas Agr\u00edcolas para Hortalizas y Frutas Frescas\u201d<\/strong>.<\/p>\n<p>Dicho curso estar\u00e1 a cargo de t\u00e9cnicos de la DIGEGRA, \u00a0se realizar\u00e1 en tres m\u00f3dulos los d\u00edas mi\u00e9rcoles 25 de Octubre a partir de las 14:00hrs, el jueves 26 de Octubre a las 8:30 en el local de Curticeiras y el 1\u00b0 de Noviembre a las 14:00 en el predio del productor Cesar Dayuto en Ruta 27 Km 2. El mismo tiene\u00a0cupos limitados y es sin costo.<\/p>\n<p>Por informaci\u00f3n e inscripciones comunicarse con la encargada de la DIGEGRA en Rivera, Ing. Agr. Ana Mar\u00eda Rivero en la oficina del MGAP de lunes a viernes de 11:00 a 13:00, Uruguay 580 o por el tel\u00e9fono 4622 2695.<\/p>\n<p>&nbsp;<\/p>\n","protected":false},"excerpt":{"rendered":"<p>Capacitaci\u00f3n en el marco del Proyecto \u201cFortalecimiento de la Cadena de Producci\u00f3n de Sandia en Productores Familiares\u201d \u00a0FDI-OPP \u2013 IDR.<\/p>\n","protected":false},"author":2,"featured_media":1018,"comment_status":"open","ping_status":"open","sticky":false,"template":"","format":"standard","meta":{"footnotes":""},"categories":[1],"tags":[35,38,37,36,16,17,18],"_links":{"self":[{"href":"https:\/\/www.rivera.gub.uy\/medioambiente\/wp-json\/wp\/v2\/posts\/1016"}],"collection":[{"href":"https:\/\/www.rivera.gub.uy\/medioambiente\/wp-json\/wp\/v2\/posts"}],"about":[{"href":"https:\/\/www.rivera.gub.uy\/medioambiente\/wp-json\/wp\/v2\/types\/post"}],"author":[{"embeddable":true,"href":"https:\/\/www.rivera.gub.uy\/medioambiente\/wp-json\/wp\/v2\/users\/2"}],"replies":[{"embeddable":true,"href":"https:\/\/www.rivera.gub.uy\/medioambiente\/wp-json\/wp\/v2\/comments?post=1016"}],"version-history":[{"count":1,"href":"https:\/\/www.rivera.gub.uy\/medioambiente\/wp-json\/wp\/v2\/posts\/1016\/revisions"}],"predecessor-version":[{"id":1017,"href":"https:\/\/www.rivera.gub.uy\/medioambiente\/wp-json\/wp\/v2\/posts\/1016\/revisions\/1017"}],"wp:featuredmedia":[{"embeddable":true,"href":"https:\/\/www.rivera.gub.uy\/medioambiente\/wp-json\/wp\/v2\/media\/1018"}],"wp:attachment":[{"href":"https:\/\/www.rivera.gub.uy\/medioambiente\/wp-json\/wp\/v2\/media?parent=1016"}],"wp:term":[{"taxonomy":"category","embeddable":true,"href":"https:\/\/www.rivera.gub.uy\/medioambiente\/wp-json\/wp\/v2\/categories?post=1016"},{"taxonomy":"post_tag","embeddable":true,"href":"https:\/\/www.rivera.gub.uy\/medioambiente\/wp-json\/wp\/v2\/tags?post=1016"}],"curies":[{"name":"wp","href":"https:\/\/api.w.org\/{rel}","templated":true}]}}