{"id":1019,"date":"2017-10-24T17:54:38","date_gmt":"2017-10-24T17:54:38","guid":{"rendered":"http:\/\/www.rivera.gub.uy\/medioambiente\/?p=1019"},"modified":"2017-10-24T17:54:44","modified_gmt":"2017-10-24T17:54:44","slug":"3er-seminario-tecnico-de-asesoramiento-tecnico-y-extension-rural","status":"publish","type":"post","link":"https:\/\/www.rivera.gub.uy\/medioambiente\/3er-seminario-tecnico-de-asesoramiento-tecnico-y-extension-rural\/","title":{"rendered":"3er Seminario T\u00e9cnico de Asesoramiento T\u00e9cnico y Extensi\u00f3n Rural"},"content":{"rendered":"<p>El pr\u00f3ximo 27 de octubre, a las 8:30 horas, se realizar\u00e1 el\u00a03er Seminario T\u00e9cnico de Asesoramiento T\u00e9cnico y Extensi\u00f3n Rural, que tendr\u00e1 lugar en el Campus de Rivera.<!--more--><\/p>\n<p><a href=\"http:\/\/www.rivera.gub.uy\/medioambiente\/wp-content\/uploads\/2017\/10\/IMG-20171023-WA0005.jpg\"><img loading=\"lazy\" decoding=\"async\" class=\"aligncenter size-medium wp-image-1021\" src=\"http:\/\/www.rivera.gub.uy\/medioambiente\/wp-content\/uploads\/2017\/10\/IMG-20171023-WA0005-189x300.jpg\" alt=\"\" width=\"189\" height=\"300\" srcset=\"https:\/\/www.rivera.gub.uy\/medioambiente\/wp-content\/uploads\/2017\/10\/IMG-20171023-WA0005-189x300.jpg 189w, https:\/\/www.rivera.gub.uy\/medioambiente\/wp-content\/uploads\/2017\/10\/IMG-20171023-WA0005-768x1221.jpg 768w, https:\/\/www.rivera.gub.uy\/medioambiente\/wp-content\/uploads\/2017\/10\/IMG-20171023-WA0005-644x1024.jpg 644w, https:\/\/www.rivera.gub.uy\/medioambiente\/wp-content\/uploads\/2017\/10\/IMG-20171023-WA0005.jpg 772w\" sizes=\"(max-width: 189px) 100vw, 189px\" \/><\/a><\/p>\n","protected":false},"excerpt":{"rendered":"<p>El pr\u00f3ximo 27 de octubre, a las 8:30 horas, se realizar\u00e1 el\u00a03er Seminario T\u00e9cnico de Asesoramiento T\u00e9cnico y Extensi\u00f3n Rural, que tendr\u00e1 lugar en el Campus de Rivera.<\/p>\n","protected":false},"author":2,"featured_media":1022,"comment_status":"open","ping_status":"open","sticky":false,"template":"","format":"standard","meta":{"footnotes":""},"categories":[1],"tags":[20,16,21,17,32,39],"_links":{"self":[{"href":"https:\/\/www.rivera.gub.uy\/medioambiente\/wp-json\/wp\/v2\/posts\/1019"}],"collection":[{"href":"https:\/\/www.rivera.gub.uy\/medioambiente\/wp-json\/wp\/v2\/posts"}],"about":[{"href":"https:\/\/www.rivera.gub.uy\/medioambiente\/wp-json\/wp\/v2\/types\/post"}],"author":[{"embeddable":true,"href":"https:\/\/www.rivera.gub.uy\/medioambiente\/wp-json\/wp\/v2\/users\/2"}],"replies":[{"embeddable":true,"href":"https:\/\/www.rivera.gub.uy\/medioambiente\/wp-json\/wp\/v2\/comments?post=1019"}],"version-history":[{"count":3,"href":"https:\/\/www.rivera.gub.uy\/medioambiente\/wp-json\/wp\/v2\/posts\/1019\/revisions"}],"predecessor-version":[{"id":1024,"href":"https:\/\/www.rivera.gub.uy\/medioambiente\/wp-json\/wp\/v2\/posts\/1019\/revisions\/1024"}],"wp:featuredmedia":[{"embeddable":true,"href":"https:\/\/www.rivera.gub.uy\/medioambiente\/wp-json\/wp\/v2\/media\/1022"}],"wp:attachment":[{"href":"https:\/\/www.rivera.gub.uy\/medioambiente\/wp-json\/wp\/v2\/media?parent=1019"}],"wp:term":[{"taxonomy":"category","embeddable":true,"href":"https:\/\/www.rivera.gub.uy\/medioambiente\/wp-json\/wp\/v2\/categories?post=1019"},{"taxonomy":"post_tag","embeddable":true,"href":"https:\/\/www.rivera.gub.uy\/medioambiente\/wp-json\/wp\/v2\/tags?post=1019"}],"curies":[{"name":"wp","href":"https:\/\/api.w.org\/{rel}","templated":true}]}}