{"id":1025,"date":"2017-10-27T12:54:45","date_gmt":"2017-10-27T12:54:45","guid":{"rendered":"http:\/\/www.rivera.gub.uy\/medioambiente\/?p=1025"},"modified":"2017-10-27T12:54:45","modified_gmt":"2017-10-27T12:54:45","slug":"comenzo-el-curso-buenas-practicas-agricolas-para-hortalizas-y-frutas-frescas","status":"publish","type":"post","link":"https:\/\/www.rivera.gub.uy\/medioambiente\/comenzo-el-curso-buenas-practicas-agricolas-para-hortalizas-y-frutas-frescas\/","title":{"rendered":"Comenz\u00f3 el curso \u201cBuenas Pr\u00e1cticas Agr\u00edcolas para Hortalizas y Frutas Frescas\u201d"},"content":{"rendered":"<p>En el marco del Proyecto \u201cFortalecimiento de la Cadena de Producci\u00f3n de Sandia en Productores Familiares\u201d FDI-OPP \u2013 IDR, se realiz\u00f3, el pasado 26 de octubre, el segundo m\u00f3dulo del Curso \u201cBuenas Pr\u00e1cticas Agr\u00edcolas para Hortalizas y Frutas Frescas\u201d. <!--more--><\/p>\n<p>El mismo cont\u00f3 con la presencia del director general de desarrollo y medio ambiente, Alejandro Bert\u00f3n, el director de desarrollo rural, Ra\u00fal Armand Ugon, el coordinador de la unidad de desarrollo, Santiago Esteves y el equipo de desarrollo rural.<\/p>\n<p>Los m\u00f3dulos te\u00f3ricos se dictaron en el local de la Sociedad de fomento rural de Rivera, en Curticeiras.<\/p>\n<p>Los encargados de dictar el curso, que finalizar\u00e1 el pr\u00f3ximo 1\u00ba de noviembre, son los ingenieros agr\u00f3nomos de la DIGEGRA, Fernando Mart\u00ednez y Fabiana Osorio.<\/p>\n<div id='gallery-1' class='gallery galleryid-1025 gallery-columns-3 gallery-size-thumbnail'><figure class='gallery-item'>\n\t\t\t<div class='gallery-icon landscape'>\n\t\t\t\t<a href='https:\/\/www.rivera.gub.uy\/medioambiente\/wp-content\/uploads\/2017\/10\/curso.jpg'><img loading=\"lazy\" decoding=\"async\" width=\"150\" height=\"150\" src=\"https:\/\/www.rivera.gub.uy\/medioambiente\/wp-content\/uploads\/2017\/10\/curso-150x150.jpg\" class=\"attachment-thumbnail size-thumbnail\" alt=\"\" \/><\/a>\n\t\t\t<\/div><\/figure><figure class='gallery-item'>\n\t\t\t<div class='gallery-icon landscape'>\n\t\t\t\t<a href='https:\/\/www.rivera.gub.uy\/medioambiente\/wp-content\/uploads\/2017\/10\/curso2.jpg'><img loading=\"lazy\" decoding=\"async\" width=\"150\" height=\"150\" src=\"https:\/\/www.rivera.gub.uy\/medioambiente\/wp-content\/uploads\/2017\/10\/curso2-150x150.jpg\" class=\"attachment-thumbnail size-thumbnail\" alt=\"\" \/><\/a>\n\t\t\t<\/div><\/figure>\n\t\t<\/div>\n\n","protected":false},"excerpt":{"rendered":"<p>En el marco del Proyecto \u201cFortalecimiento de la Cadena de Producci\u00f3n de Sandia en Productores Familiares\u201d FDI-OPP \u2013 IDR, se realiz\u00f3, el pasado 26 de octubre, el segundo m\u00f3dulo del Curso \u201cBuenas Pr\u00e1cticas Agr\u00edcolas para Hortalizas y Frutas Frescas\u201d.<\/p>\n","protected":false},"author":2,"featured_media":1027,"comment_status":"open","ping_status":"open","sticky":false,"template":"","format":"standard","meta":{"footnotes":""},"categories":[1],"tags":[41,40,20,16,17,18],"_links":{"self":[{"href":"https:\/\/www.rivera.gub.uy\/medioambiente\/wp-json\/wp\/v2\/posts\/1025"}],"collection":[{"href":"https:\/\/www.rivera.gub.uy\/medioambiente\/wp-json\/wp\/v2\/posts"}],"about":[{"href":"https:\/\/www.rivera.gub.uy\/medioambiente\/wp-json\/wp\/v2\/types\/post"}],"author":[{"embeddable":true,"href":"https:\/\/www.rivera.gub.uy\/medioambiente\/wp-json\/wp\/v2\/users\/2"}],"replies":[{"embeddable":true,"href":"https:\/\/www.rivera.gub.uy\/medioambiente\/wp-json\/wp\/v2\/comments?post=1025"}],"version-history":[{"count":1,"href":"https:\/\/www.rivera.gub.uy\/medioambiente\/wp-json\/wp\/v2\/posts\/1025\/revisions"}],"predecessor-version":[{"id":1028,"href":"https:\/\/www.rivera.gub.uy\/medioambiente\/wp-json\/wp\/v2\/posts\/1025\/revisions\/1028"}],"wp:featuredmedia":[{"embeddable":true,"href":"https:\/\/www.rivera.gub.uy\/medioambiente\/wp-json\/wp\/v2\/media\/1027"}],"wp:attachment":[{"href":"https:\/\/www.rivera.gub.uy\/medioambiente\/wp-json\/wp\/v2\/media?parent=1025"}],"wp:term":[{"taxonomy":"category","embeddable":true,"href":"https:\/\/www.rivera.gub.uy\/medioambiente\/wp-json\/wp\/v2\/categories?post=1025"},{"taxonomy":"post_tag","embeddable":true,"href":"https:\/\/www.rivera.gub.uy\/medioambiente\/wp-json\/wp\/v2\/tags?post=1025"}],"curies":[{"name":"wp","href":"https:\/\/api.w.org\/{rel}","templated":true}]}}