{"id":1038,"date":"2017-11-30T15:54:23","date_gmt":"2017-11-30T15:54:23","guid":{"rendered":"http:\/\/www.rivera.gub.uy\/medioambiente\/?p=1038"},"modified":"2017-11-30T15:54:23","modified_gmt":"2017-11-30T15:54:23","slug":"1a-jornada-de-ozono-en-rivera","status":"publish","type":"post","link":"https:\/\/www.rivera.gub.uy\/medioambiente\/1a-jornada-de-ozono-en-rivera\/","title":{"rendered":"1\u00aa Jornada de Ozono en Rivera"},"content":{"rendered":"<p>Este s\u00e1bado 2 de diciembre, se realizar\u00e1 la 1\u00aa Jornada de Ozono en Rivera, donde se plantear\u00e1 el uso del mismo en la Industria Alimentaria y como instrumento para mejorar la calidad de vida.<!--more--><\/p>\n<p>Dicha jornada contar\u00e1 con presentaci\u00f3n de casos cl\u00ednicos, a cargo de la Dra Marta Ferrrari, el Dr. Jos\u00e9 Luis Perdomo, el Dr. Jorge Fern\u00e1ndez y la Lic.Mar\u00eda del Carmen Rivero.<\/p>\n<p>El evento comenzar\u00e1 a las 9 hs y tendr\u00e1 lugar en el Sal\u00f3n de Actos de la IDR (Agraciada 570 Ss2).<\/p>\n<div id='gallery-1' class='gallery galleryid-1038 gallery-columns-2 gallery-size-thumbnail'><figure class='gallery-item'>\n\t\t\t<div class='gallery-icon portrait'>\n\t\t\t\t<a href='https:\/\/www.rivera.gub.uy\/medioambiente\/wp-content\/uploads\/2017\/11\/WhatsApp-Image-2017-11-29-at-13.39.42.jpeg'><img loading=\"lazy\" decoding=\"async\" width=\"150\" height=\"150\" src=\"https:\/\/www.rivera.gub.uy\/medioambiente\/wp-content\/uploads\/2017\/11\/WhatsApp-Image-2017-11-29-at-13.39.42-150x150.jpeg\" class=\"attachment-thumbnail size-thumbnail\" alt=\"\" \/><\/a>\n\t\t\t<\/div><\/figure><figure class='gallery-item'>\n\t\t\t<div class='gallery-icon landscape'>\n\t\t\t\t<a href='https:\/\/www.rivera.gub.uy\/medioambiente\/wp-content\/uploads\/2017\/11\/WhatsApp-Image-2017-11-29-at-13.39.59.jpeg'><img loading=\"lazy\" decoding=\"async\" width=\"150\" height=\"150\" src=\"https:\/\/www.rivera.gub.uy\/medioambiente\/wp-content\/uploads\/2017\/11\/WhatsApp-Image-2017-11-29-at-13.39.59-150x150.jpeg\" class=\"attachment-thumbnail size-thumbnail\" alt=\"\" \/><\/a>\n\t\t\t<\/div><\/figure>\n\t\t<\/div>\n\n","protected":false},"excerpt":{"rendered":"<p>Este s\u00e1bado 2 de diciembre, se realizar\u00e1 la 1\u00aa Jornada de Ozono en Rivera, donde se plantear\u00e1 el uso del mismo en la Industria Alimentaria y como instrumento para mejorar la calidad de vida.<\/p>\n","protected":false},"author":2,"featured_media":1040,"comment_status":"open","ping_status":"open","sticky":false,"template":"","format":"standard","meta":{"footnotes":""},"categories":[1],"tags":[16,21,45,17],"_links":{"self":[{"href":"https:\/\/www.rivera.gub.uy\/medioambiente\/wp-json\/wp\/v2\/posts\/1038"}],"collection":[{"href":"https:\/\/www.rivera.gub.uy\/medioambiente\/wp-json\/wp\/v2\/posts"}],"about":[{"href":"https:\/\/www.rivera.gub.uy\/medioambiente\/wp-json\/wp\/v2\/types\/post"}],"author":[{"embeddable":true,"href":"https:\/\/www.rivera.gub.uy\/medioambiente\/wp-json\/wp\/v2\/users\/2"}],"replies":[{"embeddable":true,"href":"https:\/\/www.rivera.gub.uy\/medioambiente\/wp-json\/wp\/v2\/comments?post=1038"}],"version-history":[{"count":1,"href":"https:\/\/www.rivera.gub.uy\/medioambiente\/wp-json\/wp\/v2\/posts\/1038\/revisions"}],"predecessor-version":[{"id":1041,"href":"https:\/\/www.rivera.gub.uy\/medioambiente\/wp-json\/wp\/v2\/posts\/1038\/revisions\/1041"}],"wp:featuredmedia":[{"embeddable":true,"href":"https:\/\/www.rivera.gub.uy\/medioambiente\/wp-json\/wp\/v2\/media\/1040"}],"wp:attachment":[{"href":"https:\/\/www.rivera.gub.uy\/medioambiente\/wp-json\/wp\/v2\/media?parent=1038"}],"wp:term":[{"taxonomy":"category","embeddable":true,"href":"https:\/\/www.rivera.gub.uy\/medioambiente\/wp-json\/wp\/v2\/categories?post=1038"},{"taxonomy":"post_tag","embeddable":true,"href":"https:\/\/www.rivera.gub.uy\/medioambiente\/wp-json\/wp\/v2\/tags?post=1038"}],"curies":[{"name":"wp","href":"https:\/\/api.w.org\/{rel}","templated":true}]}}