{"id":1047,"date":"2017-12-19T12:54:24","date_gmt":"2017-12-19T12:54:24","guid":{"rendered":"http:\/\/www.rivera.gub.uy\/medioambiente\/?p=1047"},"modified":"2018-01-09T13:28:18","modified_gmt":"2018-01-09T13:28:18","slug":"capacitacion-a-productores-en-buenas-practicas-agricolas-bpa","status":"publish","type":"post","link":"https:\/\/www.rivera.gub.uy\/medioambiente\/capacitacion-a-productores-en-buenas-practicas-agricolas-bpa\/","title":{"rendered":"Capacitaci\u00f3n a Productores en Buenas Practicas Agr\u00edcolas"},"content":{"rendered":"<p>Se realizaron jornadas de capacitaci\u00f3n te\u00f3ricas y pr\u00e1cticas orientadas a productores hortifrut\u00edcolas, disertadas por t\u00e9cnicos de la Direcci\u00f3n General de la Granja (DIGEGRA).En esta capacitaci\u00f3n participaron productores del Proyecto \u00abFortalecimiento de la cadena de producci\u00f3n de sandia&#8230;\u00bb como tambi\u00e9n otros productores del Departamento asociados al rubro.<!--more--><\/p>\n<p>Se realizo en coordinaci\u00f3n entre DIGEGRA e Intendencia Departamental de Rivera con el apoyo de la Sociedad Fomento Rural de Rivera (SFRR) y del productor Cesar Dayuto.<\/p>\n<p><a href=\"http:\/\/www.rivera.gub.uy\/medioambiente\/wp-content\/uploads\/2017\/10\/curso2.jpg\"><img loading=\"lazy\" decoding=\"async\" class=\"aligncenter wp-image-1027 size-medium\" src=\"http:\/\/www.rivera.gub.uy\/medioambiente\/wp-content\/uploads\/2017\/10\/curso2-300x225.jpg\" alt=\"\" width=\"300\" height=\"225\" srcset=\"https:\/\/www.rivera.gub.uy\/medioambiente\/wp-content\/uploads\/2017\/10\/curso2-300x225.jpg 300w, https:\/\/www.rivera.gub.uy\/medioambiente\/wp-content\/uploads\/2017\/10\/curso2-768x576.jpg 768w, https:\/\/www.rivera.gub.uy\/medioambiente\/wp-content\/uploads\/2017\/10\/curso2-1024x768.jpg 1024w, https:\/\/www.rivera.gub.uy\/medioambiente\/wp-content\/uploads\/2017\/10\/curso2-820x615.jpg 820w\" sizes=\"(max-width: 300px) 100vw, 300px\" \/><\/a><\/p>\n","protected":false},"excerpt":{"rendered":"<p>Se realizaron jornadas de capacitaci\u00f3n te\u00f3ricas y pr\u00e1cticas orientadas a productores hortifrut\u00edcolas, disertadas por t\u00e9cnicos de la Direcci\u00f3n General de la Granja (DIGEGRA).En esta capacitaci\u00f3n participaron productores del Proyecto \u00abFortalecimiento de la cadena de producci\u00f3n de sandia&#8230;\u00bb como tambi\u00e9n otros productores del Departamento asociados al rubro.<\/p>\n","protected":false},"author":3,"featured_media":1027,"comment_status":"open","ping_status":"open","sticky":false,"template":"","format":"standard","meta":{"footnotes":""},"categories":[1],"tags":[],"_links":{"self":[{"href":"https:\/\/www.rivera.gub.uy\/medioambiente\/wp-json\/wp\/v2\/posts\/1047"}],"collection":[{"href":"https:\/\/www.rivera.gub.uy\/medioambiente\/wp-json\/wp\/v2\/posts"}],"about":[{"href":"https:\/\/www.rivera.gub.uy\/medioambiente\/wp-json\/wp\/v2\/types\/post"}],"author":[{"embeddable":true,"href":"https:\/\/www.rivera.gub.uy\/medioambiente\/wp-json\/wp\/v2\/users\/3"}],"replies":[{"embeddable":true,"href":"https:\/\/www.rivera.gub.uy\/medioambiente\/wp-json\/wp\/v2\/comments?post=1047"}],"version-history":[{"count":4,"href":"https:\/\/www.rivera.gub.uy\/medioambiente\/wp-json\/wp\/v2\/posts\/1047\/revisions"}],"predecessor-version":[{"id":1056,"href":"https:\/\/www.rivera.gub.uy\/medioambiente\/wp-json\/wp\/v2\/posts\/1047\/revisions\/1056"}],"wp:featuredmedia":[{"embeddable":true,"href":"https:\/\/www.rivera.gub.uy\/medioambiente\/wp-json\/wp\/v2\/media\/1027"}],"wp:attachment":[{"href":"https:\/\/www.rivera.gub.uy\/medioambiente\/wp-json\/wp\/v2\/media?parent=1047"}],"wp:term":[{"taxonomy":"category","embeddable":true,"href":"https:\/\/www.rivera.gub.uy\/medioambiente\/wp-json\/wp\/v2\/categories?post=1047"},{"taxonomy":"post_tag","embeddable":true,"href":"https:\/\/www.rivera.gub.uy\/medioambiente\/wp-json\/wp\/v2\/tags?post=1047"}],"curies":[{"name":"wp","href":"https:\/\/api.w.org\/{rel}","templated":true}]}}