{"id":1052,"date":"2017-12-21T15:14:46","date_gmt":"2017-12-21T15:14:46","guid":{"rendered":"http:\/\/www.rivera.gub.uy\/medioambiente\/?p=1052"},"modified":"2017-12-21T18:04:51","modified_gmt":"2017-12-21T18:04:51","slug":"nueva-implementacion-del-proyecto-negocios-inclusivos","status":"publish","type":"post","link":"https:\/\/www.rivera.gub.uy\/medioambiente\/nueva-implementacion-del-proyecto-negocios-inclusivos\/","title":{"rendered":"Nueva implementaci\u00f3n del proyecto \u201cNegocios Inclusivos\u201d"},"content":{"rendered":"<p>El Proyecto \u201cNegocios Inclusivos\u201d ha implementado la ejecuci\u00f3n de un plan piloto, para la elaboraci\u00f3n de los uniformes de invierno de la Divisi\u00f3n Higiene (IDR).<\/p>\n<p>\u201cNegocios Inclusivos\u201d es impulsado por la Unidad de Desarrollo de la Intendencia Departamental de Rivera (IDR), a trav\u00e9s de la Divisi\u00f3n Estrategias, conjuntamente con FUNDASOL y con el apoyo financiero de la Agencia Nacional de Desarrollo (ANDE).<!--more--><\/p>\n<p>Dicho plan piloto re\u00fane a un grupo de modistas, conformado por 12 mujeres de nuestro departamento, que viene participando de las actividades del proyecto \u201cNegocios inclusivos\u201d.<\/p>\n<p>El objetivo de este piloto es poder realizar la entrega de 110 uniformes de invierno. Para ello, se han elaborado los moldes y al d\u00eda de hoy, se han cortado cada una de las piezas que conforman los uniformes.<\/p>\n<p>El siguiente paso, ser\u00e1 la confecci\u00f3n de las prendas en cada uno de los talleres de las modistas. Las que contar\u00e1n adem\u00e1s, con el asesoramiento t\u00e9cnico desde el municipio, por parte de Susana Santana.<\/p>\n<p>Esta experiencia piloto intenta solidificar un grupo de modistas de nuestro departamento, que podr\u00e1n, en un futuro pr\u00f3ximo, ofrecer sus servicios a grandes empresas de nuestro medio. Con las cuales, desde el propio proyecto \u201cNegocios inclusivos\u201d, ya se viene realizando los contactos y verificando el inter\u00e9s de dichas empresas locales.<\/p>\n<p>&nbsp;<\/p>\n<div id='gallery-1' class='gallery galleryid-1052 gallery-columns-4 gallery-size-thumbnail'><figure class='gallery-item'>\n\t\t\t<div class='gallery-icon landscape'>\n\t\t\t\t<a href='https:\/\/www.rivera.gub.uy\/medioambiente\/wp-content\/uploads\/2017\/12\/DSC_8398-Copiar.jpg'><img loading=\"lazy\" decoding=\"async\" width=\"150\" height=\"150\" src=\"https:\/\/www.rivera.gub.uy\/medioambiente\/wp-content\/uploads\/2017\/12\/DSC_8398-Copiar-150x150.jpg\" class=\"attachment-thumbnail size-thumbnail\" alt=\"\" \/><\/a>\n\t\t\t<\/div><\/figure><figure class='gallery-item'>\n\t\t\t<div class='gallery-icon landscape'>\n\t\t\t\t<a href='https:\/\/www.rivera.gub.uy\/medioambiente\/wp-content\/uploads\/2017\/12\/DSC_8456-Copiar.jpg'><img loading=\"lazy\" decoding=\"async\" width=\"150\" height=\"150\" src=\"https:\/\/www.rivera.gub.uy\/medioambiente\/wp-content\/uploads\/2017\/12\/DSC_8456-Copiar-150x150.jpg\" class=\"attachment-thumbnail size-thumbnail\" alt=\"\" \/><\/a>\n\t\t\t<\/div><\/figure><figure class='gallery-item'>\n\t\t\t<div class='gallery-icon landscape'>\n\t\t\t\t<a href='https:\/\/www.rivera.gub.uy\/medioambiente\/wp-content\/uploads\/2017\/12\/DSC_8388-Copiar.jpg'><img loading=\"lazy\" decoding=\"async\" width=\"150\" height=\"150\" src=\"https:\/\/www.rivera.gub.uy\/medioambiente\/wp-content\/uploads\/2017\/12\/DSC_8388-Copiar-150x150.jpg\" class=\"attachment-thumbnail size-thumbnail\" alt=\"\" \/><\/a>\n\t\t\t<\/div><\/figure><figure class='gallery-item'>\n\t\t\t<div class='gallery-icon landscape'>\n\t\t\t\t<a href='https:\/\/www.rivera.gub.uy\/medioambiente\/wp-content\/uploads\/2017\/12\/proyectoni.jpg'><img loading=\"lazy\" decoding=\"async\" width=\"150\" height=\"150\" src=\"https:\/\/www.rivera.gub.uy\/medioambiente\/wp-content\/uploads\/2017\/12\/proyectoni-150x150.jpg\" class=\"attachment-thumbnail size-thumbnail\" alt=\"\" \/><\/a>\n\t\t\t<\/div><\/figure>\n\t\t<\/div>\n\n","protected":false},"excerpt":{"rendered":"<p>El Proyecto \u201cNegocios Inclusivos\u201d ha implementado la ejecuci\u00f3n de un plan piloto, para la elaboraci\u00f3n de los uniformes de invierno de la Divisi\u00f3n Higiene (IDR). \u201cNegocios Inclusivos\u201d es impulsado por la Unidad de Desarrollo de la Intendencia Departamental de Rivera (IDR), a trav\u00e9s de la Divisi\u00f3n Estrategias, conjuntamente con FUNDASOL y con el apoyo financiero [&hellip;]<\/p>\n","protected":false},"author":2,"featured_media":1059,"comment_status":"open","ping_status":"open","sticky":false,"template":"","format":"standard","meta":{"footnotes":""},"categories":[1],"tags":[20,49,50,23,16,22,17],"_links":{"self":[{"href":"https:\/\/www.rivera.gub.uy\/medioambiente\/wp-json\/wp\/v2\/posts\/1052"}],"collection":[{"href":"https:\/\/www.rivera.gub.uy\/medioambiente\/wp-json\/wp\/v2\/posts"}],"about":[{"href":"https:\/\/www.rivera.gub.uy\/medioambiente\/wp-json\/wp\/v2\/types\/post"}],"author":[{"embeddable":true,"href":"https:\/\/www.rivera.gub.uy\/medioambiente\/wp-json\/wp\/v2\/users\/2"}],"replies":[{"embeddable":true,"href":"https:\/\/www.rivera.gub.uy\/medioambiente\/wp-json\/wp\/v2\/comments?post=1052"}],"version-history":[{"count":3,"href":"https:\/\/www.rivera.gub.uy\/medioambiente\/wp-json\/wp\/v2\/posts\/1052\/revisions"}],"predecessor-version":[{"id":1062,"href":"https:\/\/www.rivera.gub.uy\/medioambiente\/wp-json\/wp\/v2\/posts\/1052\/revisions\/1062"}],"wp:featuredmedia":[{"embeddable":true,"href":"https:\/\/www.rivera.gub.uy\/medioambiente\/wp-json\/wp\/v2\/media\/1059"}],"wp:attachment":[{"href":"https:\/\/www.rivera.gub.uy\/medioambiente\/wp-json\/wp\/v2\/media?parent=1052"}],"wp:term":[{"taxonomy":"category","embeddable":true,"href":"https:\/\/www.rivera.gub.uy\/medioambiente\/wp-json\/wp\/v2\/categories?post=1052"},{"taxonomy":"post_tag","embeddable":true,"href":"https:\/\/www.rivera.gub.uy\/medioambiente\/wp-json\/wp\/v2\/tags?post=1052"}],"curies":[{"name":"wp","href":"https:\/\/api.w.org\/{rel}","templated":true}]}}