{"id":1063,"date":"2018-01-08T15:04:53","date_gmt":"2018-01-08T15:04:53","guid":{"rendered":"http:\/\/www.rivera.gub.uy\/medioambiente\/?p=1063"},"modified":"2018-01-16T11:28:54","modified_gmt":"2018-01-16T11:28:54","slug":"llamado-a-postular-cargos-para-centro-de-competitividad-empresarial-rivera","status":"publish","type":"post","link":"https:\/\/www.rivera.gub.uy\/medioambiente\/llamado-a-postular-cargos-para-centro-de-competitividad-empresarial-rivera\/","title":{"rendered":"Llamado a postular Cargos para Centro de Competitividad Empresarial Rivera"},"content":{"rendered":"<p>CONVIXION selecciona para la implementaci\u00f3n de los Centros de Competitividad Empresarial (CCE), en los departamentos de Rivera y Tacuaremb\u00f3.<\/p>\n<p>Con el fin de promover el desarrollo productivo sostenible del pa\u00eds, a trav\u00e9s de instrumentos que fomenten la mejora de la competitividad empresarial de las MIPYME\u00b4S en todo el territorio nacional, se crean los Centros de Competitividad Empresarial (CCE) a instalarse en Rivera y Tacuaremb\u00f3.<\/p>\n<p>Los CCE prestar\u00e1n servicios de asistencia t\u00e9cnica, capacitaci\u00f3n, orientaci\u00f3n a programas, servicios de derivaci\u00f3n y estudios econ\u00f3micos territoriales.<\/p>\n<p>Para la implementaci\u00f3n se buscan tres RRHH: Asesor T\u00e9cnico Senior, Asesor T\u00e9cnico Junior y Asistente Ejecutivo.<\/p>\n<p><!--more--><\/p>\n<p>&nbsp;<\/p>\n<p><strong>Asesor T\u00e9cnico Senior<\/strong><br \/>\n\u200b<br \/>\nLa persona seleccionada ser\u00e1 la responsable por la coordinaci\u00f3n del equipo t\u00e9cnico para alcanzar los objetivos fijados en el plan de trabajo del Centro, as\u00ed como por la planificaci\u00f3n, coordinaci\u00f3n y ejecuci\u00f3n de acciones en coordinaci\u00f3n con la Secretar\u00eda T\u00e9cnica del Programa que est\u00e9n destinadas a brindar una oferta integral de servicios a las MIPYMES y emprendedores para su crecimiento y desarrollo.<br \/>\n\u200b<br \/>\nRequisitos:<br \/>\nT\u00edtulo universitario expedido, reconocido o revalidado por las autoridades competentes, valor\u00e1ndose las carreras de Ciencias Econ\u00f3micas, Licenciado en Desarrollo, Administraci\u00f3n, Ciencias Agrarias e Ingenier\u00eda. Se valorar\u00e1 la especializaci\u00f3n en administraci\u00f3n y gesti\u00f3n empresarial, la formaci\u00f3n en planificaci\u00f3n estrat\u00e9gica y los conocimientos de la realidad productiva regional. Se requiere experiencia m\u00ednima de 3 a\u00f1os en roles de similares caracter\u00edsticas, en el liderazgo de equipos de trabajos y en el desarrollo y\/o gesti\u00f3n de negocios. Experiencia en atenci\u00f3n a MIPYMES y emprendedores. Ser\u00e1 necesaria la radicaci\u00f3n en el departamento.<br \/>\n\u200b<br \/>\nCondiciones de contrataci\u00f3n:<br \/>\nLos cargos implican una dedicaci\u00f3n m\u00ednima de 40 horas semanales. El plazo ser\u00e1 de 12 meses a partir de su contrataci\u00f3n pudi\u00e9ndose renovar autom\u00e1ticamente por iguales per\u00edodos.<br \/>\n\u200b<br \/>\nLas personas interesadas en postularse deber\u00e1n enviar su cv indicando el n\u00famero de referencia y el Departamento.<br \/>\n\u200b<br \/>\nRef. ATS0701<\/p>\n<p><a href=\"http:\/\/www.rivera.gub.uy\/medioambiente\/wp-content\/uploads\/2018\/01\/T\u00e9rminos-de-referencia-Asesor-T\u00e9cnico-Senior-CCE.docx\" target=\"_blank\" rel=\"noopener\">Descargar TDR<\/a><\/p>\n<hr \/>\n<p><strong>Asesor T\u00e9cnico Junior<\/strong><br \/>\n\u200b<br \/>\nLa persona seleccionada tendr\u00e1 como principal responsabilidad brindar asistencia t\u00e9cnica a las MIPYMES y emprendedores con el prop\u00f3sito de fortalecer la capacidad de gesti\u00f3n del empresario, apuntando a lograr un impacto directo sobre la empresa.<br \/>\n\u200b<br \/>\nRequisitos:<br \/>\nT\u00edtulo universitario expedido, reconocido o revalidado por las autoridades competentes, valor\u00e1ndose las carreras de Ciencias Econ\u00f3micas, Administraci\u00f3n, Marketing, Licenciado en Desarrollo, Ciencias Agrarias e Ingenier\u00eda. Se requiere experiencia m\u00ednima de 1 a\u00f1o brindando asistencia t\u00e9cnica a empresas y\/o emprendedores. Ser\u00e1 necesaria la radicaci\u00f3n en el departamento.<br \/>\n\u200b<br \/>\nCondiciones de contrataci\u00f3n:<br \/>\nLos cargos implican una dedicaci\u00f3n m\u00ednima de 40 horas semanales. El plazo ser\u00e1 de 12 meses a partir de su contrataci\u00f3n pudi\u00e9ndose renovar autom\u00e1ticamente por iguales per\u00edodos.<br \/>\n\u200b<br \/>\nLas personas interesadas en postularse deber\u00e1n enviar su cv indicando el n\u00famero de referencia y el Departamento.<br \/>\n\u200b<br \/>\nRef. ATJ0701<\/p>\n<p><a href=\"http:\/\/www.rivera.gub.uy\/medioambiente\/wp-content\/uploads\/2018\/01\/T\u00e9rminos-de-referencia-Asesor-T\u00e9cnico-Junior-CCE.docx\" target=\"_blank\" rel=\"noopener\">Descargar TDR<\/a><\/p>\n<hr \/>\n<p><strong>Asistente Ejecutivo<\/strong><br \/>\n\u200b<br \/>\nLa persona seleccionada tendr\u00e1 como principal responsabilidad tareas de soporte administrativo y log\u00edstico, as\u00ed como la atenci\u00f3n y orientaci\u00f3n inicial de los usuarios que arriben al CCE.<br \/>\n\u200b<br \/>\nRequisitos:<br \/>\nT\u00edtulo de T\u00e9cnico en gesti\u00f3n de empresas, administraci\u00f3n, secretariado o afines. Se valorar\u00e1 experiencia en atenci\u00f3n al p\u00fablico, especialmente a empresas y\/o emprendedores. Ser\u00e1 necesaria la radicaci\u00f3n en el departamento.<br \/>\n\u200b<br \/>\nCondiciones de contrataci\u00f3n:<br \/>\nLos cargos implican una dedicaci\u00f3n m\u00ednima de 40 horas semanales. El plazo ser\u00e1 de 12 meses a partir de su contrataci\u00f3n pudi\u00e9ndose renovar autom\u00e1ticamente por iguales per\u00edodos.<br \/>\n\u200b<br \/>\nLas personas interesadas en postularse deber\u00e1n enviar su cv indicando el n\u00famero de referencia y el Departamento.<br \/>\n\u200b<br \/>\nRef. AE0701<\/p>\n<p><a href=\"http:\/\/www.rivera.gub.uy\/medioambiente\/wp-content\/uploads\/2018\/01\/T\u00e9rminos-de-referencia-Asistente-Ejecutivo-CCE.docx\" target=\"_blank\" rel=\"noopener\">Descargar TDR<\/a><\/p>\n<p>Para postularse a los cargos, ingres\u00e1 a\u00a0<a href=\"https:\/\/www.convixion.com.uy\/cargos-abiertos\" target=\"_blank\" rel=\"noopener\">www.convixion.com.uy<\/a><\/p>\n","protected":false},"excerpt":{"rendered":"<p>CONVIXION selecciona para la implementaci\u00f3n de los Centros de Competitividad Empresarial (CCE), en los departamentos de Rivera y Tacuaremb\u00f3. Con el fin de promover el desarrollo productivo sostenible del pa\u00eds, a trav\u00e9s de instrumentos que fomenten la mejora de la competitividad empresarial de las MIPYME\u00b4S en todo el territorio nacional, se crean los Centros de [&hellip;]<\/p>\n","protected":false},"author":4,"featured_media":1066,"comment_status":"open","ping_status":"open","sticky":false,"template":"","format":"standard","meta":{"footnotes":""},"categories":[1],"tags":[16,51,21,17],"_links":{"self":[{"href":"https:\/\/www.rivera.gub.uy\/medioambiente\/wp-json\/wp\/v2\/posts\/1063"}],"collection":[{"href":"https:\/\/www.rivera.gub.uy\/medioambiente\/wp-json\/wp\/v2\/posts"}],"about":[{"href":"https:\/\/www.rivera.gub.uy\/medioambiente\/wp-json\/wp\/v2\/types\/post"}],"author":[{"embeddable":true,"href":"https:\/\/www.rivera.gub.uy\/medioambiente\/wp-json\/wp\/v2\/users\/4"}],"replies":[{"embeddable":true,"href":"https:\/\/www.rivera.gub.uy\/medioambiente\/wp-json\/wp\/v2\/comments?post=1063"}],"version-history":[{"count":6,"href":"https:\/\/www.rivera.gub.uy\/medioambiente\/wp-json\/wp\/v2\/posts\/1063\/revisions"}],"predecessor-version":[{"id":1074,"href":"https:\/\/www.rivera.gub.uy\/medioambiente\/wp-json\/wp\/v2\/posts\/1063\/revisions\/1074"}],"wp:featuredmedia":[{"embeddable":true,"href":"https:\/\/www.rivera.gub.uy\/medioambiente\/wp-json\/wp\/v2\/media\/1066"}],"wp:attachment":[{"href":"https:\/\/www.rivera.gub.uy\/medioambiente\/wp-json\/wp\/v2\/media?parent=1063"}],"wp:term":[{"taxonomy":"category","embeddable":true,"href":"https:\/\/www.rivera.gub.uy\/medioambiente\/wp-json\/wp\/v2\/categories?post=1063"},{"taxonomy":"post_tag","embeddable":true,"href":"https:\/\/www.rivera.gub.uy\/medioambiente\/wp-json\/wp\/v2\/tags?post=1063"}],"curies":[{"name":"wp","href":"https:\/\/api.w.org\/{rel}","templated":true}]}}