{"id":1078,"date":"2018-01-22T13:34:03","date_gmt":"2018-01-22T13:34:03","guid":{"rendered":"http:\/\/www.rivera.gub.uy\/medioambiente\/?p=1078"},"modified":"2018-01-22T13:34:03","modified_gmt":"2018-01-22T13:34:03","slug":"continua-a-toda-marcha-el-proyecto-del-polo-de-desarrollo-agropecuario","status":"publish","type":"post","link":"https:\/\/www.rivera.gub.uy\/medioambiente\/continua-a-toda-marcha-el-proyecto-del-polo-de-desarrollo-agropecuario\/","title":{"rendered":"Contin\u00faa a toda marcha el proyecto del Polo de Desarrollo Agropecuario"},"content":{"rendered":"<p>En el predio del antiguo Abasto Municipal de Rivera, ubicado en Av. Pte. Gir\u00f3, rumbo al Parque Gran Breta\u00f1a, desde el pasado a\u00f1o, comenz\u00f3 el proceso de transformaci\u00f3n para crear el Polo de Desarrollo Agropecuario, integrado por t\u00e9cnicos profesionales de Divisi\u00f3n Desarrollo Rural dependiente de la Unidad de Desarrollo, perteneciente a la Direcci\u00f3n General de Desarrollo y Medio Ambiente.<!--more--><\/p>\n<p>Este a\u00f1o el proyecto viene adelantado, tanto en infraestructura, como en gestiones de trabajo que incluyen servicios y capacitaciones para productores de la zona.<br \/>\nEn di\u00e1logo con el Director de Divisi\u00f3n Desarrollo Rural, T\u00e9c. Agro. Ra\u00fal Armand Ug\u00f3n, manifest\u00f3 que se est\u00e1n encargando de la parte de campo \u201c\u2026porque todo el predio estaba muy abandonado..\u201d<\/p>\n<p>\u201cNosotros empezamos a preparar las tierras desde noviembre del a\u00f1o pasado.<br \/>\nYa tenemos todos las curvas de nivel marcadas y se hizo un tajamar. Lo que queremos es que se transforme en un Polo de Desarrollo Agropecuario, tratando de hacer los cultivos que se realizan en el departamento, implant\u00e1ndolos ac\u00e1 de la mejor manera posible, ense\u00f1ando como se deben hacer.<br \/>\nEn febrero ya estamos empezando los cultivos, y ademas enzarzarnos con los ensayos de fertilizantes por ejemplo con cal o sin cal.<br \/>\nGracias a nuestros socios como lo son empresas privadas,que vendr\u00e1n a probar sus fertilizantes, la Oficina de Planeamiento y Presupuesto (OPP), Ministerio de Ganader\u00eda y Plan Agropecuario, todos tendr\u00e1n sus espacio y apropiarse del predio principalmente a los peque\u00f1os productores que no tienen alcance al mismo\u201dse\u00f1al\u00f3 el director.<\/p>\n<p>Armand Ug\u00f3n, indic\u00f3 que se construyeron dos invern\u00e1culos donde se sumar\u00e1n para trabajar en ellos, 5 personas derivadas de las comisiones vecinales de influencia (mujeres, hombres o j\u00f3venes que est\u00e9n sin trabajo), con la idea que aprendan y luego le dejen el lugar a otros.<\/p>\n<p>Adem\u00e1s el Polo ofrecer\u00e1 servicios de capacitaciones y oportunidades, que ser\u00e1 en otro orden un centro abierto social y demostrativo para todos los que est\u00e9n interesados en producir.<\/p>\n<p>Tambi\u00e9n el Polo ofrecer\u00e1 servicio de ba\u00f1os de inmersi\u00f3n para combatir garrapatas a trav\u00e9s de una inscripci\u00f3n previa, para todos aquellos productores que no tienen como hacerlo.<\/p>\n<p><iframe loading=\"lazy\" width=\"1160\" height=\"653\" src=\"https:\/\/www.youtube.com\/embed\/b1XaYcsHtOc?feature=oembed\" frameborder=\"0\" allow=\"autoplay; encrypted-media\" allowfullscreen><\/iframe><\/p>\n<p>&nbsp;<\/p>\n","protected":false},"excerpt":{"rendered":"<p>En el predio del antiguo Abasto Municipal de Rivera, ubicado en Av. Pte. Gir\u00f3, rumbo al Parque Gran Breta\u00f1a, desde el pasado a\u00f1o, comenz\u00f3 el proceso de transformaci\u00f3n para crear el Polo de Desarrollo Agropecuario, integrado por t\u00e9cnicos profesionales de Divisi\u00f3n Desarrollo Rural dependiente de la Unidad de Desarrollo, perteneciente a la Direcci\u00f3n General de [&hellip;]<\/p>\n","protected":false},"author":2,"featured_media":1079,"comment_status":"open","ping_status":"open","sticky":false,"template":"","format":"standard","meta":{"footnotes":""},"categories":[1],"tags":[53,20,14,16,52,17],"_links":{"self":[{"href":"https:\/\/www.rivera.gub.uy\/medioambiente\/wp-json\/wp\/v2\/posts\/1078"}],"collection":[{"href":"https:\/\/www.rivera.gub.uy\/medioambiente\/wp-json\/wp\/v2\/posts"}],"about":[{"href":"https:\/\/www.rivera.gub.uy\/medioambiente\/wp-json\/wp\/v2\/types\/post"}],"author":[{"embeddable":true,"href":"https:\/\/www.rivera.gub.uy\/medioambiente\/wp-json\/wp\/v2\/users\/2"}],"replies":[{"embeddable":true,"href":"https:\/\/www.rivera.gub.uy\/medioambiente\/wp-json\/wp\/v2\/comments?post=1078"}],"version-history":[{"count":1,"href":"https:\/\/www.rivera.gub.uy\/medioambiente\/wp-json\/wp\/v2\/posts\/1078\/revisions"}],"predecessor-version":[{"id":1080,"href":"https:\/\/www.rivera.gub.uy\/medioambiente\/wp-json\/wp\/v2\/posts\/1078\/revisions\/1080"}],"wp:featuredmedia":[{"embeddable":true,"href":"https:\/\/www.rivera.gub.uy\/medioambiente\/wp-json\/wp\/v2\/media\/1079"}],"wp:attachment":[{"href":"https:\/\/www.rivera.gub.uy\/medioambiente\/wp-json\/wp\/v2\/media?parent=1078"}],"wp:term":[{"taxonomy":"category","embeddable":true,"href":"https:\/\/www.rivera.gub.uy\/medioambiente\/wp-json\/wp\/v2\/categories?post=1078"},{"taxonomy":"post_tag","embeddable":true,"href":"https:\/\/www.rivera.gub.uy\/medioambiente\/wp-json\/wp\/v2\/tags?post=1078"}],"curies":[{"name":"wp","href":"https:\/\/api.w.org\/{rel}","templated":true}]}}