{"id":1081,"date":"2018-01-22T13:36:42","date_gmt":"2018-01-22T13:36:42","guid":{"rendered":"http:\/\/www.rivera.gub.uy\/medioambiente\/?p=1081"},"modified":"2018-01-22T13:36:42","modified_gmt":"2018-01-22T13:36:42","slug":"a-traves-del-proyecto-de-fortalecimiento-de-la-cadena-de-sandia-productores-riverenses-venden-su-producto-en-el-mercado-modelo","status":"publish","type":"post","link":"https:\/\/www.rivera.gub.uy\/medioambiente\/a-traves-del-proyecto-de-fortalecimiento-de-la-cadena-de-sandia-productores-riverenses-venden-su-producto-en-el-mercado-modelo\/","title":{"rendered":"A trav\u00e9s del Proyecto de Fortalecimiento de la Cadena de Sand\u00eda, productores riverenses venden su producto en el Mercado Modelo"},"content":{"rendered":"<p>El coordinador del Proyecto de Fortalecimiento de la Cadena de Sand\u00eda, de la Intendencia Departamental de Rivera, Lic. en Gesti\u00f3n Agropecuaria Juan Ignacio Dos Santos, inform\u00f3 sobre el desarrollo del Proyecto, que se est\u00e1 ejecutando desde el a\u00f1o 2016 junto a la Oficina de Planeamiento y Presupuesto (OPP).<\/p>\n<p>Este fortalecimiento busca, entre otras cosas, generar una mayor interacci\u00f3n entre los eslabones de la cadena, que se ve plasmada en la utilizaci\u00f3n de diferentes recursos. Uno de ellos es la utilizaci\u00f3n de un <a href=\"http:\/\/www.rivera.gub.uy\/medioambiente\/estrategias\/desarrollo-rural\/proyecto-sandia\/\" target=\"_blank\" rel=\"noopener\">c\u00f3digo QR<\/a>, ubicado en la etiqueta del producto, que le permite al consumidor acceder a informaci\u00f3n sobre el proyecto, los productores y geolocalizar el lugar de procedencia.<!--more--><\/p>\n<p>Dos Santos indic\u00f3, que el Proyecto ya se est\u00e1 ejecutando, pero \u00e9sta es la primera zafra de sand\u00eda que se est\u00e1 trabajando dentro del mismo.<br \/>\n\u201cHemos recibido la visita de integrantes de la direcci\u00f3n del Mercado Modelo, que son los que marcan el precio de la sand\u00eda, para verificar juntos las condiciones en que trabajaban y as\u00ed poder mejorar su ubicaci\u00f3n. Luego de una visita, se logr\u00f3 presentar el proyecto y se consigui\u00f3 una ubicaci\u00f3n mejor para la venta de sand\u00eda. Hoy tenemos a 8 productores instalados en el Mercado Modelo, que est\u00e1n con ventas a buen ritmo y un precio muy interesante.<br \/>\nDe los integrantes del proyecto adem\u00e1s, tenemos a Ayrton y Junior Lovatto, que est\u00e1n vendiendo muy bien su producci\u00f3n\u201d.<\/p>\n<p>El coordinador se\u00f1alo que en Rivera hay muchos productores que venden en sus chacras aunque la seca ha impactado en el campo, y por tal raz\u00f3n la producci\u00f3n ha mermado, pero no perjudica el precio del mismo.<br \/>\n\u201cEsta zafra fue baja, pero por otro lado no ha tenido problemas por enfermedades y ataques de plagas. Se estima que habr\u00e1 sandia hasta marzo, porque los productores han escalonado su cosecha e ir\u00e1 hasta fin de febrero y comienzo de marzo. Est\u00e1 saliendo una sand\u00eda muy dulce y sana, aunque m\u00e1s peque\u00f1a de lo habitual por la falta de agua\u201d, agreg\u00f3.<br \/>\nEn la oportunidad el integrante del equipo de Desarrollo Rural manifest\u00f3, que estar\u00e1n presentes una vez m\u00e1s en la Fiesta de la Sand\u00eda, en el mes de febrero, en la ciudad de Tranqueras, mostrando el producto que identifica nuestro departamento.<\/p>\n","protected":false},"excerpt":{"rendered":"<p>El coordinador del Proyecto de Fortalecimiento de la Cadena de Sand\u00eda, de la Intendencia Departamental de Rivera, Lic. en Gesti\u00f3n Agropecuaria Juan Ignacio Dos Santos, inform\u00f3 sobre el desarrollo del Proyecto, que se est\u00e1 ejecutando desde el a\u00f1o 2016 junto a la Oficina de Planeamiento y Presupuesto (OPP). Este fortalecimiento busca, entre otras cosas, generar [&hellip;]<\/p>\n","protected":false},"author":2,"featured_media":1082,"comment_status":"open","ping_status":"open","sticky":false,"template":"","format":"standard","meta":{"footnotes":""},"categories":[1],"tags":[20,16,54,17,31],"_links":{"self":[{"href":"https:\/\/www.rivera.gub.uy\/medioambiente\/wp-json\/wp\/v2\/posts\/1081"}],"collection":[{"href":"https:\/\/www.rivera.gub.uy\/medioambiente\/wp-json\/wp\/v2\/posts"}],"about":[{"href":"https:\/\/www.rivera.gub.uy\/medioambiente\/wp-json\/wp\/v2\/types\/post"}],"author":[{"embeddable":true,"href":"https:\/\/www.rivera.gub.uy\/medioambiente\/wp-json\/wp\/v2\/users\/2"}],"replies":[{"embeddable":true,"href":"https:\/\/www.rivera.gub.uy\/medioambiente\/wp-json\/wp\/v2\/comments?post=1081"}],"version-history":[{"count":1,"href":"https:\/\/www.rivera.gub.uy\/medioambiente\/wp-json\/wp\/v2\/posts\/1081\/revisions"}],"predecessor-version":[{"id":1083,"href":"https:\/\/www.rivera.gub.uy\/medioambiente\/wp-json\/wp\/v2\/posts\/1081\/revisions\/1083"}],"wp:featuredmedia":[{"embeddable":true,"href":"https:\/\/www.rivera.gub.uy\/medioambiente\/wp-json\/wp\/v2\/media\/1082"}],"wp:attachment":[{"href":"https:\/\/www.rivera.gub.uy\/medioambiente\/wp-json\/wp\/v2\/media?parent=1081"}],"wp:term":[{"taxonomy":"category","embeddable":true,"href":"https:\/\/www.rivera.gub.uy\/medioambiente\/wp-json\/wp\/v2\/categories?post=1081"},{"taxonomy":"post_tag","embeddable":true,"href":"https:\/\/www.rivera.gub.uy\/medioambiente\/wp-json\/wp\/v2\/tags?post=1081"}],"curies":[{"name":"wp","href":"https:\/\/api.w.org\/{rel}","templated":true}]}}