{"id":1134,"date":"2018-04-12T14:15:21","date_gmt":"2018-04-12T14:15:21","guid":{"rendered":"http:\/\/www.rivera.gub.uy\/medioambiente\/?p=1134"},"modified":"2018-04-12T14:15:21","modified_gmt":"2018-04-12T14:15:21","slug":"desarrollo-y-fortalecimiento-de-la-cadena-de-valor-del-sector-maderero-de-rivera","status":"publish","type":"post","link":"https:\/\/www.rivera.gub.uy\/medioambiente\/desarrollo-y-fortalecimiento-de-la-cadena-de-valor-del-sector-maderero-de-rivera\/","title":{"rendered":"Desarrollo y fortalecimiento de la cadena de valor del sector Maderero de Rivera"},"content":{"rendered":"<blockquote><p>Desarrollo y fortalecimiento de la cadena de valor del sector Maderero de Rivera, con \u00e9nfasis en la mejora de la productividad, de la competitividad y de la calidad del empleo.<\/p>\n<p style=\"text-align: right;\">PCT RIVERA 2016<\/p>\n<\/blockquote>\n<p>REDEMA es una Red creada a partir del proyecto Desarrollo y fortalecimiento de la cadena de valor del sector Maderero de Rivera, con \u00e9nfasis en la mejora de la productividad, de la competitividad y de la calidad del empleo, presentando por IDR al llamado a Proyectos para el Fomento de la Competitividad Territorial, dise\u00f1ado y ejecutado en forma conjunta entre el Programa Uruguay M\u00e1s Cerca de la Direcci\u00f3n de Descentralizaci\u00f3n e Inversi\u00f3n P\u00fablica de la Oficina de Planeamiento y Presupuesto y la Agencia Nacional de Desarrollo.<\/p>\n<p>REDEMA est\u00e1 conformada por distintos actores, entre ellos la Intendencia Departamental de Rivera (IDR), el Ministerio de Industria, Energ\u00eda y Miner\u00eda (MIEM), la Administraci\u00f3n Nacional de Educaci\u00f3n P\u00fablica y la Universidad de la Rep\u00fablica (ANEP-UdelaR) a trav\u00e9s del Tecn\u00f3logo en Madera, el Centro de Extensionismo Industrial (CEI), el Centro Latinoamericano de Econom\u00eda Humana (Claeh) y el sector privado compuesto por aserraderos de Rivera. La Red se crea a partir del proyecto \u201cDesarrollo y fortalecimiento de la cadena de valor del sector Maderero de Rivera, con \u00e9nfasis en la mejora de la productividad, de la competitividad y de la calidad del empleo\u201d, impulsado por la ANDE (Agencia Nacional de Desarrollo), y el Programa Uruguay M\u00e1s Cerca de OPP (Oficina de Planeamiento y Presupuesto) en el marco del Programa de Fomento de la Competitividad Territorial.<\/p>\n<p>OBJETIVOS<\/p>\n<p>relevar y articular las necesidades de capacitaci\u00f3n en las empresas y coordinar grupos de capacitaci\u00f3n, lo que incluye articular no s\u00f3lo con las empresas sino con los programas nacionales con recursos (monetarios y docentes) para apoyar las capacitaciones;<\/p>\n<p>relevar y articular las necesidades de financiamiento de las empresas y apoyar la b\u00fasqueda de soluciones a medida con instituciones crediticias;<\/p>\n<p>identificar oportunidades de mejora de los servicios de proveedores locales para aserraderos, a ejemplo de un Programa de Desarrollo de Proveedores;<\/p>\n<p>organizar grupos de compra entre las empresas: de materia prima, de maquinaria, de insumos importados. Esto implica, adem\u00e1s de la articulaci\u00f3n entre las empresas, la b\u00fasqueda de las oportunidades y la negociaci\u00f3n con la contraparte del grupo de compra;<\/p>\n<p>implementar servicios de b\u00fasqueda de mercados para el conjunto de las MIPYMES, y<\/p>\n<p>gestionar la mejora de los procesos de gesti\u00f3n y administraci\u00f3n en las empresas.<\/p>\n<p>POBLACI\u00d3N OBJETIVO<\/p>\n<p>Se beneficiar\u00e1n 28 empreendedores de aserraderos de las ciudades de Rivera y Tranqueras.<\/p>\n<h3>INTEGRANTES DEL PROYECTO<\/h3>\n<h4>INSTITUCIONES<\/h4>\n<ul>\n<li>Intendencia Departamental de Rivera (IDR)<\/li>\n<li>Ministerio de Industria, Energ\u00eda y Miner\u00eda (MIEM)<\/li>\n<li>Administraci\u00f3n Nacional de Educaci\u00f3n P\u00fablica<\/li>\n<li>Universidad de la Rep\u00fablica (ANEP-UdelaR)<\/li>\n<li>Centro de Extensionismo Industrial (CEI)<\/li>\n<li>Centro Latinoamericano de Econom\u00eda Humana (Claeh)<\/li>\n<\/ul>\n<h4>EMPRENDEDORES<\/h4>\n<ul>\n<li>Aserradero Santa Tereza<\/li>\n<li>Aserradero Tranqueras<\/li>\n<li>Aserradero Galleta<\/li>\n<li>Todo Madera<\/li>\n<li>Marbe Maderas<\/li>\n<\/ul>\n<h4>EQUIPO EJECUTOR<\/h4>\n<ul>\n<li>Ing. Agr. Paola Serrentino<\/li>\n<li>Tcnlo. Madera Anthony Venini<\/li>\n<li>Lic. Ang\u00e9lica Segu\u00ed<\/li>\n<\/ul>\n<p><a href=\"http:\/\/www.rivera.gub.uy\/medioambiente\/wp-content\/uploads\/2018\/04\/BANNER-REDEMA-.jpg\"><img loading=\"lazy\" decoding=\"async\" class=\"aligncenter wp-image-1136 size-large\" src=\"http:\/\/www.rivera.gub.uy\/medioambiente\/wp-content\/uploads\/2018\/04\/BANNER-REDEMA--1024x244.jpg\" alt=\"\" width=\"1024\" height=\"244\" srcset=\"https:\/\/www.rivera.gub.uy\/medioambiente\/wp-content\/uploads\/2018\/04\/BANNER-REDEMA--1024x244.jpg 1024w, https:\/\/www.rivera.gub.uy\/medioambiente\/wp-content\/uploads\/2018\/04\/BANNER-REDEMA--300x71.jpg 300w, https:\/\/www.rivera.gub.uy\/medioambiente\/wp-content\/uploads\/2018\/04\/BANNER-REDEMA--768x183.jpg 768w, https:\/\/www.rivera.gub.uy\/medioambiente\/wp-content\/uploads\/2018\/04\/BANNER-REDEMA--820x195.jpg 820w\" sizes=\"(max-width: 1024px) 100vw, 1024px\" \/><\/a><\/p>\n","protected":false},"excerpt":{"rendered":"<p>Desarrollo y fortalecimiento de la cadena de valor del sector Maderero de Rivera, con \u00e9nfasis en la mejora de la productividad, de la competitividad y de la calidad del empleo. PCT RIVERA 2016 REDEMA es una Red creada a partir del proyecto Desarrollo y fortalecimiento de la cadena de valor del sector Maderero de Rivera, [&hellip;]<\/p>\n","protected":false},"author":2,"featured_media":1135,"comment_status":"open","ping_status":"open","sticky":false,"template":"","format":"standard","meta":{"footnotes":""},"categories":[1],"tags":[20,16,56,55,17],"_links":{"self":[{"href":"https:\/\/www.rivera.gub.uy\/medioambiente\/wp-json\/wp\/v2\/posts\/1134"}],"collection":[{"href":"https:\/\/www.rivera.gub.uy\/medioambiente\/wp-json\/wp\/v2\/posts"}],"about":[{"href":"https:\/\/www.rivera.gub.uy\/medioambiente\/wp-json\/wp\/v2\/types\/post"}],"author":[{"embeddable":true,"href":"https:\/\/www.rivera.gub.uy\/medioambiente\/wp-json\/wp\/v2\/users\/2"}],"replies":[{"embeddable":true,"href":"https:\/\/www.rivera.gub.uy\/medioambiente\/wp-json\/wp\/v2\/comments?post=1134"}],"version-history":[{"count":3,"href":"https:\/\/www.rivera.gub.uy\/medioambiente\/wp-json\/wp\/v2\/posts\/1134\/revisions"}],"predecessor-version":[{"id":1139,"href":"https:\/\/www.rivera.gub.uy\/medioambiente\/wp-json\/wp\/v2\/posts\/1134\/revisions\/1139"}],"wp:featuredmedia":[{"embeddable":true,"href":"https:\/\/www.rivera.gub.uy\/medioambiente\/wp-json\/wp\/v2\/media\/1135"}],"wp:attachment":[{"href":"https:\/\/www.rivera.gub.uy\/medioambiente\/wp-json\/wp\/v2\/media?parent=1134"}],"wp:term":[{"taxonomy":"category","embeddable":true,"href":"https:\/\/www.rivera.gub.uy\/medioambiente\/wp-json\/wp\/v2\/categories?post=1134"},{"taxonomy":"post_tag","embeddable":true,"href":"https:\/\/www.rivera.gub.uy\/medioambiente\/wp-json\/wp\/v2\/tags?post=1134"}],"curies":[{"name":"wp","href":"https:\/\/api.w.org\/{rel}","templated":true}]}}