{"id":1141,"date":"2018-03-21T17:28:34","date_gmt":"2018-03-21T17:28:34","guid":{"rendered":"http:\/\/www.rivera.gub.uy\/medioambiente\/?p=1141"},"modified":"2018-04-12T17:45:02","modified_gmt":"2018-04-12T17:45:02","slug":"red-de-desarrollo-maderero-de-rivera-inicia-encuentros-con-emprendedores","status":"publish","type":"post","link":"https:\/\/www.rivera.gub.uy\/medioambiente\/red-de-desarrollo-maderero-de-rivera-inicia-encuentros-con-emprendedores\/","title":{"rendered":"Red de Desarrollo Maderero de Rivera inicia encuentros con emprendedores"},"content":{"rendered":"<p>El pasado d\u00eda 20 de marzo de 2018 se realiz\u00f3 la primer reuni\u00f3n de sensibilizaci\u00f3n emprendedores de peque\u00f1os y medianos aserraderos de la ciudad de Rivera. En el encuentro organizado por el Equipo Ejecutor Redema, junto a representantes de la IDR y empresarios de aserraderos micros y medianos; estuvieron presentes Juan Carlos Sanguin\u00e9 (Aserradero Galleta), Karen Vasconcellos (Aserradero Galleta), Daniel Bay\u00f3n (Aserradero Canela), Richard De Los Santos (Aserradero Santa Teresa), Sandobal Morales (Aserradero Ruta 8), Fabian Borrea (Aserradero Lagun\u00f3n), Victor Vargas (Aserradero Fenix), Alejandro Bert\u00f3n (IDR), Santiago Esteves (IDR), Paola Serrentino (Redema), Anthony Venini (Redema) y Ang\u00e9lica Segu\u00ed (Redema).<!--more--><\/p>\n<p>En \u00e9sta primera instancia los emprendedores plantearon sus principales demandas e inquietudes como empres\u00e1rios de la madera. El Equipo Ejecutor, junto al Director General de Desarrollo y Medio Ambiente, Alejandro Bert\u00f3n y el Coordinador de Desarrollo Santiago Esteves, destacaron posibles soluciones ante las necesidades planteadas. Entre los socios del proyecto, se comienza a trabajar en alternativas a problemas cotidianos que presentan las medianas y peque\u00f1as empresas de la madera, desde una perspectiva diferente a la que actualmente desempe\u00f1an los empresarios.<\/p>\n<p>Entre los temas de mayor preocupaci\u00f3n entre los presentes, se destac\u00f3 la problem\u00e1tica de los residuos madereros en aserraderos de peque\u00f1o porte, debido a la cantidad semanalmente generada. El equipo de REDEMA, junto al Director General de Desarrollo y Medio Ambiente, Alejandro Bert\u00f3n se comprometieron a buscar alternativas a corto, mediano y largo plazo.<\/p>\n<p>La pr\u00f3xima reuni\u00f3n de emprendedores de la madera de la ciudad de Rivera tendr\u00e1 lugar el pr\u00f3ximo 25 de abril, en IDR.<\/p>\n<p>El proyecto Desarrollo y fortalecimiento de la cadena de valor del sector Maderero de Rivera, con \u00e9nfasis en la mejora de la productividad, de la competitividad y de la calidad del empleo est\u00e1 impulsado por la Agencia Nacional de Desarrollo, ANDE y el Programa Uruguay M\u00e1s Cerca de OPP en el marco del Programa de Fomento de la Competitividad Territorial.<\/p>\n<div id='gallery-1' class='gallery galleryid-1141 gallery-columns-4 gallery-size-medium'><figure class='gallery-item'>\n\t\t\t<div class='gallery-icon landscape'>\n\t\t\t\t<a href='https:\/\/www.rivera.gub.uy\/medioambiente\/wp-content\/uploads\/2018\/04\/1.jpg'><img loading=\"lazy\" decoding=\"async\" width=\"300\" height=\"169\" src=\"https:\/\/www.rivera.gub.uy\/medioambiente\/wp-content\/uploads\/2018\/04\/1-300x169.jpg\" class=\"attachment-medium size-medium\" alt=\"\" srcset=\"https:\/\/www.rivera.gub.uy\/medioambiente\/wp-content\/uploads\/2018\/04\/1-300x169.jpg 300w, https:\/\/www.rivera.gub.uy\/medioambiente\/wp-content\/uploads\/2018\/04\/1-768x432.jpg 768w, https:\/\/www.rivera.gub.uy\/medioambiente\/wp-content\/uploads\/2018\/04\/1-1024x576.jpg 1024w, https:\/\/www.rivera.gub.uy\/medioambiente\/wp-content\/uploads\/2018\/04\/1-820x461.jpg 820w, https:\/\/www.rivera.gub.uy\/medioambiente\/wp-content\/uploads\/2018\/04\/1.jpg 1600w\" sizes=\"(max-width: 300px) 100vw, 300px\" \/><\/a>\n\t\t\t<\/div><\/figure><figure class='gallery-item'>\n\t\t\t<div class='gallery-icon landscape'>\n\t\t\t\t<a href='https:\/\/www.rivera.gub.uy\/medioambiente\/wp-content\/uploads\/2018\/04\/2.jpg'><img loading=\"lazy\" decoding=\"async\" width=\"300\" height=\"169\" src=\"https:\/\/www.rivera.gub.uy\/medioambiente\/wp-content\/uploads\/2018\/04\/2-300x169.jpg\" class=\"attachment-medium size-medium\" alt=\"\" srcset=\"https:\/\/www.rivera.gub.uy\/medioambiente\/wp-content\/uploads\/2018\/04\/2-300x169.jpg 300w, https:\/\/www.rivera.gub.uy\/medioambiente\/wp-content\/uploads\/2018\/04\/2-768x432.jpg 768w, https:\/\/www.rivera.gub.uy\/medioambiente\/wp-content\/uploads\/2018\/04\/2-1024x576.jpg 1024w, https:\/\/www.rivera.gub.uy\/medioambiente\/wp-content\/uploads\/2018\/04\/2-820x461.jpg 820w, https:\/\/www.rivera.gub.uy\/medioambiente\/wp-content\/uploads\/2018\/04\/2.jpg 1600w\" sizes=\"(max-width: 300px) 100vw, 300px\" \/><\/a>\n\t\t\t<\/div><\/figure><figure class='gallery-item'>\n\t\t\t<div class='gallery-icon landscape'>\n\t\t\t\t<a href='https:\/\/www.rivera.gub.uy\/medioambiente\/wp-content\/uploads\/2018\/04\/3.jpg'><img loading=\"lazy\" decoding=\"async\" width=\"300\" height=\"169\" src=\"https:\/\/www.rivera.gub.uy\/medioambiente\/wp-content\/uploads\/2018\/04\/3-300x169.jpg\" class=\"attachment-medium size-medium\" alt=\"\" srcset=\"https:\/\/www.rivera.gub.uy\/medioambiente\/wp-content\/uploads\/2018\/04\/3-300x169.jpg 300w, https:\/\/www.rivera.gub.uy\/medioambiente\/wp-content\/uploads\/2018\/04\/3-768x432.jpg 768w, https:\/\/www.rivera.gub.uy\/medioambiente\/wp-content\/uploads\/2018\/04\/3-1024x576.jpg 1024w, https:\/\/www.rivera.gub.uy\/medioambiente\/wp-content\/uploads\/2018\/04\/3-820x461.jpg 820w, https:\/\/www.rivera.gub.uy\/medioambiente\/wp-content\/uploads\/2018\/04\/3.jpg 1600w\" sizes=\"(max-width: 300px) 100vw, 300px\" \/><\/a>\n\t\t\t<\/div><\/figure><figure class='gallery-item'>\n\t\t\t<div class='gallery-icon landscape'>\n\t\t\t\t<a href='https:\/\/www.rivera.gub.uy\/medioambiente\/wp-content\/uploads\/2018\/04\/4.jpg'><img loading=\"lazy\" decoding=\"async\" width=\"300\" height=\"169\" src=\"https:\/\/www.rivera.gub.uy\/medioambiente\/wp-content\/uploads\/2018\/04\/4-300x169.jpg\" class=\"attachment-medium size-medium\" alt=\"\" srcset=\"https:\/\/www.rivera.gub.uy\/medioambiente\/wp-content\/uploads\/2018\/04\/4-300x169.jpg 300w, https:\/\/www.rivera.gub.uy\/medioambiente\/wp-content\/uploads\/2018\/04\/4-768x432.jpg 768w, https:\/\/www.rivera.gub.uy\/medioambiente\/wp-content\/uploads\/2018\/04\/4-1024x576.jpg 1024w, https:\/\/www.rivera.gub.uy\/medioambiente\/wp-content\/uploads\/2018\/04\/4-820x461.jpg 820w, https:\/\/www.rivera.gub.uy\/medioambiente\/wp-content\/uploads\/2018\/04\/4.jpg 1600w\" sizes=\"(max-width: 300px) 100vw, 300px\" \/><\/a>\n\t\t\t<\/div><\/figure>\n\t\t<\/div>\n\n<p>Fotos: Ang\u00e9lica Segu\u00ed\/Redema<\/p>\n<p><a href=\"http:\/\/www.rivera.gub.uy\/medioambiente\/wp-content\/uploads\/2018\/04\/BANNER-REDEMA-.jpg\"><img loading=\"lazy\" decoding=\"async\" class=\"aligncenter wp-image-1136 size-large\" src=\"http:\/\/www.rivera.gub.uy\/medioambiente\/wp-content\/uploads\/2018\/04\/BANNER-REDEMA--1024x244.jpg\" alt=\"\" width=\"1024\" height=\"244\" srcset=\"https:\/\/www.rivera.gub.uy\/medioambiente\/wp-content\/uploads\/2018\/04\/BANNER-REDEMA--1024x244.jpg 1024w, https:\/\/www.rivera.gub.uy\/medioambiente\/wp-content\/uploads\/2018\/04\/BANNER-REDEMA--300x71.jpg 300w, https:\/\/www.rivera.gub.uy\/medioambiente\/wp-content\/uploads\/2018\/04\/BANNER-REDEMA--768x183.jpg 768w, https:\/\/www.rivera.gub.uy\/medioambiente\/wp-content\/uploads\/2018\/04\/BANNER-REDEMA--820x195.jpg 820w\" sizes=\"(max-width: 1024px) 100vw, 1024px\" \/><\/a><\/p>\n","protected":false},"excerpt":{"rendered":"<p>El pasado d\u00eda 20 de marzo de 2018 se realiz\u00f3 la primer reuni\u00f3n de sensibilizaci\u00f3n emprendedores de peque\u00f1os y medianos aserraderos de la ciudad de Rivera. En el encuentro organizado por el Equipo Ejecutor Redema, junto a representantes de la IDR y empresarios de aserraderos micros y medianos; estuvieron presentes Juan Carlos Sanguin\u00e9 (Aserradero Galleta), [&hellip;]<\/p>\n","protected":false},"author":2,"featured_media":1135,"comment_status":"open","ping_status":"open","sticky":false,"template":"","format":"standard","meta":{"footnotes":""},"categories":[1],"tags":[20,57,16,56,55,17],"_links":{"self":[{"href":"https:\/\/www.rivera.gub.uy\/medioambiente\/wp-json\/wp\/v2\/posts\/1141"}],"collection":[{"href":"https:\/\/www.rivera.gub.uy\/medioambiente\/wp-json\/wp\/v2\/posts"}],"about":[{"href":"https:\/\/www.rivera.gub.uy\/medioambiente\/wp-json\/wp\/v2\/types\/post"}],"author":[{"embeddable":true,"href":"https:\/\/www.rivera.gub.uy\/medioambiente\/wp-json\/wp\/v2\/users\/2"}],"replies":[{"embeddable":true,"href":"https:\/\/www.rivera.gub.uy\/medioambiente\/wp-json\/wp\/v2\/comments?post=1141"}],"version-history":[{"count":2,"href":"https:\/\/www.rivera.gub.uy\/medioambiente\/wp-json\/wp\/v2\/posts\/1141\/revisions"}],"predecessor-version":[{"id":1147,"href":"https:\/\/www.rivera.gub.uy\/medioambiente\/wp-json\/wp\/v2\/posts\/1141\/revisions\/1147"}],"wp:featuredmedia":[{"embeddable":true,"href":"https:\/\/www.rivera.gub.uy\/medioambiente\/wp-json\/wp\/v2\/media\/1135"}],"wp:attachment":[{"href":"https:\/\/www.rivera.gub.uy\/medioambiente\/wp-json\/wp\/v2\/media?parent=1141"}],"wp:term":[{"taxonomy":"category","embeddable":true,"href":"https:\/\/www.rivera.gub.uy\/medioambiente\/wp-json\/wp\/v2\/categories?post=1141"},{"taxonomy":"post_tag","embeddable":true,"href":"https:\/\/www.rivera.gub.uy\/medioambiente\/wp-json\/wp\/v2\/tags?post=1141"}],"curies":[{"name":"wp","href":"https:\/\/api.w.org\/{rel}","templated":true}]}}