{"id":1148,"date":"2018-04-30T16:54:08","date_gmt":"2018-04-30T16:54:08","guid":{"rendered":"http:\/\/www.rivera.gub.uy\/medioambiente\/?p=1148"},"modified":"2018-05-02T16:54:21","modified_gmt":"2018-05-02T16:54:21","slug":"tranqueras-realiza-primer-encuentro-de-pequenos-emprendedores-de-la-madera","status":"publish","type":"post","link":"https:\/\/www.rivera.gub.uy\/medioambiente\/tranqueras-realiza-primer-encuentro-de-pequenos-emprendedores-de-la-madera\/","title":{"rendered":"Tranqueras realiza primer encuentro de peque\u00f1os emprendedores de la madera"},"content":{"rendered":"<p>El pasado d\u00eda 17 de abril de 2018 se realiz\u00f3 la primer reuni\u00f3n de sensibilizaci\u00f3n emprendedores de peque\u00f1os y medianos aserraderos de la ciudad de Tranqueras. El encuentro cont\u00f3 con representantes de la Red de Desarrollo Maderero de Rivera y tuvo como objetivo agrupo nuevos integrantes para la Red. Estuvieron presentes Yony Da Silveira (Madenor), Eduardo M\u00e1rquez (Lubel), Cesar Montejo (Sim\u00f3n Bol\u00edvar) y Jennifer Pu\u00f1ales (Aserradero Tranqueras Pu\u00f1ales), Tec. Agrop. Ra\u00fal Armand Ug\u00f3n (Desarrollo Rural- IDR), Tnglo.Mad.\u00c1lvaro Pereira (Desarrollo Rural-IDR), Paola Serrentino ( Gerenta Ejecutora- Redema), Anthony Venini (Secretario T\u00e9cnico &#8211; Redema) y Ang\u00e9lica Segu\u00ed ( Comunicadora- Redema).<\/p>\n<p>En \u00e9sta primera instancia los emprendedores plantearon sus principales demandas e inquietudes como empresarios de la madera.<!--more--><\/p>\n<p><a href=\"http:\/\/www.rivera.gub.uy\/medioambiente\/wp-content\/uploads\/2018\/05\/redema2.jpeg\"><img loading=\"lazy\" decoding=\"async\" class=\"aligncenter wp-image-1150 size-medium\" src=\"http:\/\/www.rivera.gub.uy\/medioambiente\/wp-content\/uploads\/2018\/05\/redema2-300x169.jpeg\" alt=\"\" width=\"300\" height=\"169\" srcset=\"https:\/\/www.rivera.gub.uy\/medioambiente\/wp-content\/uploads\/2018\/05\/redema2-300x169.jpeg 300w, https:\/\/www.rivera.gub.uy\/medioambiente\/wp-content\/uploads\/2018\/05\/redema2-768x432.jpeg 768w, https:\/\/www.rivera.gub.uy\/medioambiente\/wp-content\/uploads\/2018\/05\/redema2-1024x576.jpeg 1024w, https:\/\/www.rivera.gub.uy\/medioambiente\/wp-content\/uploads\/2018\/05\/redema2-820x461.jpeg 820w, https:\/\/www.rivera.gub.uy\/medioambiente\/wp-content\/uploads\/2018\/05\/redema2.jpeg 1600w\" sizes=\"(max-width: 300px) 100vw, 300px\" \/><\/a><br \/>\n\u201cNo poder acceder a la materia prima de forma directa, es un problema importante que tenemos todos los aserraderos en Rivera y Tranqueras\u201d, destac\u00f3 Cesar Montejo, de aserradero Sim\u00f3n Bol\u00edvar.<\/p>\n<p>Adem\u00e1s de materia prima, los empresarios destacaron la necesidad de acceder a capital de giro, necesario para negociar compra de materia prima con las empresas forestales.<\/p>\n<p>La Gerenta Ejecutora de Redema, Ing. Agr. Paola Serrentino destac\u00f3 posibles soluciones ante las necesidades planteadas. \u201cEstamos todos trabajando para mejorar los tres eslabones en la producci\u00f3n de la madera de transformaci\u00f3n mec\u00e1nica : materia prima, proceso productivo y la comercializaci\u00f3n. Todos las problem\u00e1ticas son comunes entre los aserraderos peque\u00f1os y medianos.Esperamos que, en grupo, logremos mejores resultados a corto y largo plazo\u201d, destac\u00f3 Serrentino.<\/p>\n<p>Entre los socios del proyecto, se comienza a trabajar en alternativas a problemas cotidianos que presentan las medianas y peque\u00f1as empresas de la madera, desde una perspectiva diferente a la que actualmente desempe\u00f1an los empresarios.<\/p>\n<p>REDEMA<\/p>\n<p>Red de Desarrollo Maderero de Rivera es una Red creada a partir del proyecto Desarrollo y fortalecimiento de la cadena de valor del sector Maderero de Rivera, con \u00e9nfasis en la mejora de la productividad, de la competitividad y de la calidad del empleo, presentando por IDR al llamado a Proyectos para el Fomento de la Competitividad Territorial, dise\u00f1ado y ejecutado en forma conjunta entre el Programa Uruguay M\u00e1s Cerca de la Direcci\u00f3n de Descentralizaci\u00f3n e Inversi\u00f3n P\u00fablica de la Oficina de Planeamiento y Presupuesto y la Agencia Nacional de Desarrollo.<\/p>\n<p>REDEMA est\u00e1 conformada por distintos actores, entre ellos la Intendencia Departamental de Rivera (IDR), el Ministerio de Industria, Energ\u00eda y Miner\u00eda (MIEM), la Administraci\u00f3n Nacional de Educaci\u00f3n P\u00fablica y la Universidad de la Rep\u00fablica (ANEP-UdelaR) a trav\u00e9s del Tecn\u00f3logo en Madera, el Centro de Extensionismo Industrial (CEI), el Centro Latinoamericano de Econom\u00eda Humana (Claeh) y el sector privado compuesto por aserraderos de Rivera. La Red se crea a partir del proyecto \u201cDesarrollo y fortalecimiento de la cadena de valor del sector Maderero de Rivera, con \u00e9nfasis en la mejora de la productividad, de la competitividad y de la calidad del empleo\u201d, impulsado por la ANDE (Agencia Nacional de Desarrollo), y el Programa Uruguay M\u00e1s Cerca de OPP (Oficina de Planeamiento y Presupuesto) en el marco del Programa de Fomento de la Competitividad Territorial.<\/p>\n<p>El proyecto Desarrollo y fortalecimiento de la cadena de valor del sector Maderero de Rivera, con \u00e9nfasis en la mejora de la productividad, de la competitividad y de la calidad del empleo est\u00e1 impulsado por la Agencia Nacional de Desarrollo, ANDE y el Programa Uruguay M\u00e1s Cerca de OPP en el marco del Programa de Fomento de la Competitividad Territorial.<\/p>\n<p><a href=\"http:\/\/www.rivera.gub.uy\/medioambiente\/wp-content\/uploads\/2018\/05\/redema1.jpeg\"><img loading=\"lazy\" decoding=\"async\" class=\"aligncenter wp-image-1149 size-medium\" src=\"http:\/\/www.rivera.gub.uy\/medioambiente\/wp-content\/uploads\/2018\/05\/redema1-300x225.jpeg\" alt=\"\" width=\"300\" height=\"225\" srcset=\"https:\/\/www.rivera.gub.uy\/medioambiente\/wp-content\/uploads\/2018\/05\/redema1-300x225.jpeg 300w, https:\/\/www.rivera.gub.uy\/medioambiente\/wp-content\/uploads\/2018\/05\/redema1-768x576.jpeg 768w, https:\/\/www.rivera.gub.uy\/medioambiente\/wp-content\/uploads\/2018\/05\/redema1-1024x768.jpeg 1024w, https:\/\/www.rivera.gub.uy\/medioambiente\/wp-content\/uploads\/2018\/05\/redema1-820x615.jpeg 820w, https:\/\/www.rivera.gub.uy\/medioambiente\/wp-content\/uploads\/2018\/05\/redema1.jpeg 1280w\" sizes=\"(max-width: 300px) 100vw, 300px\" \/><\/a><\/p>\n<p>&nbsp;<\/p>\n","protected":false},"excerpt":{"rendered":"<p>El pasado d\u00eda 17 de abril de 2018 se realiz\u00f3 la primer reuni\u00f3n de sensibilizaci\u00f3n emprendedores de peque\u00f1os y medianos aserraderos de la ciudad de Tranqueras. El encuentro cont\u00f3 con representantes de la Red de Desarrollo Maderero de Rivera y tuvo como objetivo agrupo nuevos integrantes para la Red. Estuvieron presentes Yony Da Silveira (Madenor), [&hellip;]<\/p>\n","protected":false},"author":2,"featured_media":1149,"comment_status":"open","ping_status":"open","sticky":false,"template":"","format":"standard","meta":{"footnotes":""},"categories":[1],"tags":[58,14,16,55,17],"_links":{"self":[{"href":"https:\/\/www.rivera.gub.uy\/medioambiente\/wp-json\/wp\/v2\/posts\/1148"}],"collection":[{"href":"https:\/\/www.rivera.gub.uy\/medioambiente\/wp-json\/wp\/v2\/posts"}],"about":[{"href":"https:\/\/www.rivera.gub.uy\/medioambiente\/wp-json\/wp\/v2\/types\/post"}],"author":[{"embeddable":true,"href":"https:\/\/www.rivera.gub.uy\/medioambiente\/wp-json\/wp\/v2\/users\/2"}],"replies":[{"embeddable":true,"href":"https:\/\/www.rivera.gub.uy\/medioambiente\/wp-json\/wp\/v2\/comments?post=1148"}],"version-history":[{"count":1,"href":"https:\/\/www.rivera.gub.uy\/medioambiente\/wp-json\/wp\/v2\/posts\/1148\/revisions"}],"predecessor-version":[{"id":1151,"href":"https:\/\/www.rivera.gub.uy\/medioambiente\/wp-json\/wp\/v2\/posts\/1148\/revisions\/1151"}],"wp:featuredmedia":[{"embeddable":true,"href":"https:\/\/www.rivera.gub.uy\/medioambiente\/wp-json\/wp\/v2\/media\/1149"}],"wp:attachment":[{"href":"https:\/\/www.rivera.gub.uy\/medioambiente\/wp-json\/wp\/v2\/media?parent=1148"}],"wp:term":[{"taxonomy":"category","embeddable":true,"href":"https:\/\/www.rivera.gub.uy\/medioambiente\/wp-json\/wp\/v2\/categories?post=1148"},{"taxonomy":"post_tag","embeddable":true,"href":"https:\/\/www.rivera.gub.uy\/medioambiente\/wp-json\/wp\/v2\/tags?post=1148"}],"curies":[{"name":"wp","href":"https:\/\/api.w.org\/{rel}","templated":true}]}}