{"id":1152,"date":"2018-05-02T16:58:01","date_gmt":"2018-05-02T16:58:01","guid":{"rendered":"http:\/\/www.rivera.gub.uy\/medioambiente\/?p=1152"},"modified":"2018-05-02T16:58:01","modified_gmt":"2018-05-02T16:58:01","slug":"5a-reunion-del-grupo-territorial-de-los-socios-de-redema","status":"publish","type":"post","link":"https:\/\/www.rivera.gub.uy\/medioambiente\/5a-reunion-del-grupo-territorial-de-los-socios-de-redema\/","title":{"rendered":"5\u00aa Reuni\u00f3n del grupo territorial de los socios de Redema"},"content":{"rendered":"<p>El pasado d\u00eda 20 de abril de 2018, a las 9 horas, en la sala de reuniones del Centro Universitario de Rivera, tuvo lugar la quinta reuni\u00f3n de Grupo Territorial de los socios del proyecto Desarrollo y fortalecimiento de la cadena de valor del sector Maderero de Rivera, con \u00e9nfasis en la mejora de la productividad, de la competitividad y de la calidad del empleo .<\/p>\n<p>Estuvieron presentes Blanca Montejo (MIEM), IPablo Raimonda (ANEP ),Pablo Sommer (OPP), Santiago Est\u00e9ves (IDR), B\u00e1rbara Henderson (IDR), Paola Serrentino (Redema) y Anthony Venini (Redema).<\/p>\n<p><!--more--><br \/>\nEn estas reuniones territoriales se tratan los \u00faltimos avances de Redema y temas del dia a dia del proyecto. La jornada comenz\u00f3 con el relato de la problem\u00e1tica de residuos madereros, en micro y peque\u00f1os aserraderos de las ciudades de Rivera y Tranqueras. La Gerenta Ejecutora de Redema, Ing. Agr. Paola Serrentino,continu\u00f3 con una presentaci\u00f3n detallada de acciones y resultados obtenidos hasta la fecha.<\/p>\n<p>\u201cYa tenemos resultados mensurables y seguimos en tratativas para lograr los objetivos del proyecto. Como soluci\u00f3n a corto plazo los costaneros de pino ser\u00e1n removidos de algunos aserraderos y ser\u00e1n utilizados en la construcci\u00f3n de cercos para casas del Proyecto de Regularizaci\u00f3n Barrial de Rivera. Estamos trabajando con otras soluciones a largo plazo para la gesti\u00f3n de residuos\u201d, enfatiz\u00f3 la gerenta.<\/p>\n<p>\u00bfQUE ES REDEMA?<\/p>\n<p>La Red de Desarrollo Maderero de Rivera es una Red creada a partir del proyecto Desarrollo y fortalecimiento de la cadena de valor del sector Maderero de Rivera, con \u00e9nfasis en la mejora de la productividad, de la competitividad y de la calidad del empleo, presentando por IDR al llamado a Proyectos para el Fomento de la Competitividad Territorial, dise\u00f1ado y ejecutado en forma conjunta entre el Programa Uruguay M\u00e1s Cerca de la Direcci\u00f3n de Descentralizaci\u00f3n e Inversi\u00f3n P\u00fablica de la Oficina de Planeamiento y Presupuesto y la Agencia Nacional de Desarrollo.<\/p>\n<p>REDEMA est\u00e1 conformada por distintos actores, entre ellos la Intendencia Departamental de Rivera (IDR), el Ministerio de Industria, Energ\u00eda y Miner\u00eda (MIEM), la Administraci\u00f3n Nacional de Educaci\u00f3n P\u00fablica y la Universidad de la Rep\u00fablica (ANEP-UdelaR) a trav\u00e9s del Tecn\u00f3logo en Madera, el Centro de Extensionismo Industrial (CEI), el Centro Latinoamericano de Econom\u00eda Humana (Claeh) y el sector privado compuesto por aserraderos de Rivera. La Red se crea a partir del proyecto \u201cDesarrollo y fortalecimiento de la cadena de valor del sector Maderero de Rivera, con \u00e9nfasis en la mejora de la productividad, de la competitividad y de la calidad del empleo\u201d, impulsado por la ANDE (Agencia Nacional de Desarrollo), y el Programa Uruguay M\u00e1s Cerca de OPP (Oficina de Planeamiento y Presupuesto) en el marco del Programa de Fomento de la Competitividad Territorial.<\/p>\n<p>El proyecto Desarrollo y fortalecimiento de la cadena de valor del sector Maderero de Rivera, con \u00e9nfasis en la mejora de la productividad, de la competitividad y de la calidad del empleo est\u00e1 impulsado por la Agencia Nacional de Desarrollo, ANDE y el Programa Uruguay M\u00e1s Cerca de OPP en el marco del Programa de Fomento de la Competitividad Territorial.<\/p>\n<figure id=\"attachment_1153\" aria-describedby=\"caption-attachment-1153\" style=\"width: 1024px\" class=\"wp-caption aligncenter\"><a href=\"http:\/\/www.rivera.gub.uy\/medioambiente\/wp-content\/uploads\/2018\/05\/rdm.jpeg\"><img loading=\"lazy\" decoding=\"async\" class=\"wp-image-1153 size-large\" src=\"http:\/\/www.rivera.gub.uy\/medioambiente\/wp-content\/uploads\/2018\/05\/rdm-1024x576.jpeg\" alt=\"\" width=\"1024\" height=\"576\" srcset=\"https:\/\/www.rivera.gub.uy\/medioambiente\/wp-content\/uploads\/2018\/05\/rdm-1024x576.jpeg 1024w, https:\/\/www.rivera.gub.uy\/medioambiente\/wp-content\/uploads\/2018\/05\/rdm-300x169.jpeg 300w, https:\/\/www.rivera.gub.uy\/medioambiente\/wp-content\/uploads\/2018\/05\/rdm-768x432.jpeg 768w, https:\/\/www.rivera.gub.uy\/medioambiente\/wp-content\/uploads\/2018\/05\/rdm-820x461.jpeg 820w, https:\/\/www.rivera.gub.uy\/medioambiente\/wp-content\/uploads\/2018\/05\/rdm.jpeg 1600w\" sizes=\"(max-width: 1024px) 100vw, 1024px\" \/><\/a><figcaption id=\"caption-attachment-1153\" class=\"wp-caption-text\">Paola Serrentino, Anthony Venini, Pablo Raimonda, Pablo Sommer, B\u00e1rbara Henderson y Blanca Montejo<\/figcaption><\/figure>\n","protected":false},"excerpt":{"rendered":"<p>El pasado d\u00eda 20 de abril de 2018, a las 9 horas, en la sala de reuniones del Centro Universitario de Rivera, tuvo lugar la quinta reuni\u00f3n de Grupo Territorial de los socios del proyecto Desarrollo y fortalecimiento de la cadena de valor del sector Maderero de Rivera, con \u00e9nfasis en la mejora de la [&hellip;]<\/p>\n","protected":false},"author":2,"featured_media":1153,"comment_status":"open","ping_status":"open","sticky":false,"template":"","format":"standard","meta":{"footnotes":""},"categories":[1],"tags":[58,16,17],"_links":{"self":[{"href":"https:\/\/www.rivera.gub.uy\/medioambiente\/wp-json\/wp\/v2\/posts\/1152"}],"collection":[{"href":"https:\/\/www.rivera.gub.uy\/medioambiente\/wp-json\/wp\/v2\/posts"}],"about":[{"href":"https:\/\/www.rivera.gub.uy\/medioambiente\/wp-json\/wp\/v2\/types\/post"}],"author":[{"embeddable":true,"href":"https:\/\/www.rivera.gub.uy\/medioambiente\/wp-json\/wp\/v2\/users\/2"}],"replies":[{"embeddable":true,"href":"https:\/\/www.rivera.gub.uy\/medioambiente\/wp-json\/wp\/v2\/comments?post=1152"}],"version-history":[{"count":1,"href":"https:\/\/www.rivera.gub.uy\/medioambiente\/wp-json\/wp\/v2\/posts\/1152\/revisions"}],"predecessor-version":[{"id":1154,"href":"https:\/\/www.rivera.gub.uy\/medioambiente\/wp-json\/wp\/v2\/posts\/1152\/revisions\/1154"}],"wp:featuredmedia":[{"embeddable":true,"href":"https:\/\/www.rivera.gub.uy\/medioambiente\/wp-json\/wp\/v2\/media\/1153"}],"wp:attachment":[{"href":"https:\/\/www.rivera.gub.uy\/medioambiente\/wp-json\/wp\/v2\/media?parent=1152"}],"wp:term":[{"taxonomy":"category","embeddable":true,"href":"https:\/\/www.rivera.gub.uy\/medioambiente\/wp-json\/wp\/v2\/categories?post=1152"},{"taxonomy":"post_tag","embeddable":true,"href":"https:\/\/www.rivera.gub.uy\/medioambiente\/wp-json\/wp\/v2\/tags?post=1152"}],"curies":[{"name":"wp","href":"https:\/\/api.w.org\/{rel}","templated":true}]}}