{"id":1155,"date":"2018-05-15T11:41:46","date_gmt":"2018-05-15T11:41:46","guid":{"rendered":"http:\/\/www.rivera.gub.uy\/medioambiente\/?p=1155"},"modified":"2018-05-15T12:11:26","modified_gmt":"2018-05-15T12:11:26","slug":"emprendedores-de-la-madera-y-socios-de-redema-buscan-caminos-para-la-gestion-de-residuos-de-aserraderos","status":"publish","type":"post","link":"https:\/\/www.rivera.gub.uy\/medioambiente\/emprendedores-de-la-madera-y-socios-de-redema-buscan-caminos-para-la-gestion-de-residuos-de-aserraderos\/","title":{"rendered":"Emprendedores de la madera y socios de Redema buscan caminos para la gesti\u00f3n de residuos de aserraderos"},"content":{"rendered":"<p>El pasado d\u00eda 25 de abril de 2018 se realiz\u00f3 la segunda reuni\u00f3n de sensibilizaci\u00f3n con emprendedores de micro y peque\u00f1os aserraderos de la ciudad de Rivera. El encuentro cont\u00f3 con representantes de la Red de Desarrollo Maderero de Rivera y tuvo como objetivo presentar avances y respuestas a demandas de los emprendedores.<!--more--><\/p>\n<p>Estuvieron presentes Luc\u00eda Campanella (ANDE), Blanca Montejo (MIEM), Alejandro Bert\u00f3n (IDR- DGDMA), Ludmila Profumo (CUR), Barbara Henderson (IDR), Paola Serrentino (IDR-REDEMA), Anthony Venini (IDR- REDEMA), Ang\u00e9lica Segu\u00ed (IDR- REDEMA), Fabi\u00e1n Borrea (Aserradero Lagun\u00f3n), Sandobal Morales (Aserradero Ruta 8), Daniel Bay\u00f3n (Aserradero Canela) y Graciela Ribeiro (Aserradero Canela). En la ocasi\u00f3n se trataron de responder las principales problem\u00e1ticas presentadas por los emprendedores. El tema central abordado fue la problem\u00e1tica de la gesti\u00f3n de residuos de los aserraderos de Rivera.<\/p>\n<p><strong>Alternativas de impacto social<\/strong><\/p>\n<p>Como soluci\u00f3n a corto plazo para la problem\u00e1tica de gesti\u00f3n de residuos, la propuesta del Equipo Ejecutor trabajar con el proyecto Regularizaci\u00f3n Barrial, que est\u00e1 en el Cerro del Estado regularizando la construcci\u00f3n de casas, veredas y calles. \u201cEn este caso, se donar\u00e1n costaneros de pino para delimitar las casas del barrio Bella Vista (Cerro del Estado). Tambi\u00e9n se estudia la posibilidad de insertar el residuo aserr\u00edn en dicho proyecto\u201c, resalt\u00f3 la Gerenta Ing. Agr. Paola Serrentino.<\/p>\n<p>A largo plazo en cuanto a la utilizaci\u00f3n de residuos madereros en micro y peque\u00f1as empresas de la madera son dos se plafinica trabajar en conjunto con la Escuela de Ladrilleros de Rivera, ya que los mismos necesitan costaneros para quemar y el aserr\u00edn para la fabricaci\u00f3n de ladrillos.<\/p>\n","protected":false},"excerpt":{"rendered":"<p>El pasado d\u00eda 25 de abril de 2018 se realiz\u00f3 la segunda reuni\u00f3n de sensibilizaci\u00f3n con emprendedores de micro y peque\u00f1os aserraderos de la ciudad de Rivera. El encuentro cont\u00f3 con representantes de la Red de Desarrollo Maderero de Rivera y tuvo como objetivo presentar avances y respuestas a demandas de los emprendedores.<\/p>\n","protected":false},"author":2,"featured_media":1157,"comment_status":"open","ping_status":"open","sticky":false,"template":"","format":"standard","meta":{"footnotes":""},"categories":[1],"tags":[16,55,17],"_links":{"self":[{"href":"https:\/\/www.rivera.gub.uy\/medioambiente\/wp-json\/wp\/v2\/posts\/1155"}],"collection":[{"href":"https:\/\/www.rivera.gub.uy\/medioambiente\/wp-json\/wp\/v2\/posts"}],"about":[{"href":"https:\/\/www.rivera.gub.uy\/medioambiente\/wp-json\/wp\/v2\/types\/post"}],"author":[{"embeddable":true,"href":"https:\/\/www.rivera.gub.uy\/medioambiente\/wp-json\/wp\/v2\/users\/2"}],"replies":[{"embeddable":true,"href":"https:\/\/www.rivera.gub.uy\/medioambiente\/wp-json\/wp\/v2\/comments?post=1155"}],"version-history":[{"count":1,"href":"https:\/\/www.rivera.gub.uy\/medioambiente\/wp-json\/wp\/v2\/posts\/1155\/revisions"}],"predecessor-version":[{"id":1156,"href":"https:\/\/www.rivera.gub.uy\/medioambiente\/wp-json\/wp\/v2\/posts\/1155\/revisions\/1156"}],"wp:featuredmedia":[{"embeddable":true,"href":"https:\/\/www.rivera.gub.uy\/medioambiente\/wp-json\/wp\/v2\/media\/1157"}],"wp:attachment":[{"href":"https:\/\/www.rivera.gub.uy\/medioambiente\/wp-json\/wp\/v2\/media?parent=1155"}],"wp:term":[{"taxonomy":"category","embeddable":true,"href":"https:\/\/www.rivera.gub.uy\/medioambiente\/wp-json\/wp\/v2\/categories?post=1155"},{"taxonomy":"post_tag","embeddable":true,"href":"https:\/\/www.rivera.gub.uy\/medioambiente\/wp-json\/wp\/v2\/tags?post=1155"}],"curies":[{"name":"wp","href":"https:\/\/api.w.org\/{rel}","templated":true}]}}