{"id":1158,"date":"2018-05-23T16:49:41","date_gmt":"2018-05-23T16:49:41","guid":{"rendered":"http:\/\/www.rivera.gub.uy\/medioambiente\/?p=1158"},"modified":"2018-05-23T16:53:41","modified_gmt":"2018-05-23T16:53:41","slug":"redema-realiza-relevamiento-tecnico-en-aserraderos-de-la-ciudad-de-rivera","status":"publish","type":"post","link":"https:\/\/www.rivera.gub.uy\/medioambiente\/redema-realiza-relevamiento-tecnico-en-aserraderos-de-la-ciudad-de-rivera\/","title":{"rendered":"REDEMA realiza relevamiento t\u00e9cnico en aserraderos de la ciudad de Rivera"},"content":{"rendered":"<p dir=\"ltr\">\u00a0El equipo ejecutor de la Red de Desarrollo Maderero de Rivera comenz\u00f3 esta semana a realizar un relevamiento t\u00e9cnico en \u00a0micro y peque\u00f1os aserraderos de la ciudad de Rivera.<\/p>\n<p><!--more--><\/p>\n<p>&nbsp;<\/p>\n<p dir=\"ltr\">El estudio tiene como objetivo obtener informaci\u00f3n sobre la\u00a0capacidad de producci\u00f3n y contribuir para la mejora del valor agregado de la madera aserrada producida en Rivera.<\/p>\n<p>&nbsp;<\/p>\n<p>&nbsp;<\/p>\n<p dir=\"ltr\">El secretario t\u00e9cnico de Redema, Tnglo. en Madera Anthony Venini, destaca que \u201ceste sistema de informaci\u00f3n funcionar\u00e1 como apoyo a la gesti\u00f3n y la competitividad de los micro y peque\u00f1os aserraderos, mediante la estimaci\u00f3n de eficiencia productividad y\/o deficiencia productiva\u201d.<\/p>\n<p dir=\"ltr\"><img loading=\"lazy\" decoding=\"async\" class=\"size-medium wp-image-1160 alignleft\" src=\"http:\/\/www.rivera.gub.uy\/medioambiente\/wp-content\/uploads\/2018\/05\/1-300x168.jpg\" alt=\"\" width=\"300\" height=\"168\" srcset=\"https:\/\/www.rivera.gub.uy\/medioambiente\/wp-content\/uploads\/2018\/05\/1-300x168.jpg 300w, https:\/\/www.rivera.gub.uy\/medioambiente\/wp-content\/uploads\/2018\/05\/1-768x429.jpg 768w, https:\/\/www.rivera.gub.uy\/medioambiente\/wp-content\/uploads\/2018\/05\/1.jpg 807w\" sizes=\"(max-width: 300px) 100vw, 300px\" \/>El tecn\u00f3logo destaca que el tipo de informaci\u00f3n que generar\u00e1 este relevamiento t\u00e9cnico es especialmente \u00fatil y demandado a nivel p\u00fablico y privado, siendo para este \u00faltimo, utilizada especialmente\u00a0por \u00a0las mipymes madereras (aserraderos).<\/p>\n<p dir=\"ltr\">Por su parte, el Director de Direcci\u00f3n General de Desarrollo y Medio Ambiente de la ciudad de Rivera, Q.F Alejandro Bert\u00f3n, referente de Redema dentro de la Intendencia Departamental de Rivera, menciona que la informaci\u00f3n que recoger\u00e1 este relevamiento tendr\u00e1 una base de informaci\u00f3n de extrema relevancia para \u00a0apoyar y mejorar las decisiones de car\u00e1cter t\u00e1ctico y operacionales.<\/p>\n<p><img loading=\"lazy\" decoding=\"async\" class=\"size-medium wp-image-1161 aligncenter\" src=\"http:\/\/www.rivera.gub.uy\/medioambiente\/wp-content\/uploads\/2018\/05\/2-300x168.jpg\" alt=\"\" width=\"300\" height=\"168\" srcset=\"https:\/\/www.rivera.gub.uy\/medioambiente\/wp-content\/uploads\/2018\/05\/2-300x168.jpg 300w, https:\/\/www.rivera.gub.uy\/medioambiente\/wp-content\/uploads\/2018\/05\/2-768x431.jpg 768w, https:\/\/www.rivera.gub.uy\/medioambiente\/wp-content\/uploads\/2018\/05\/2.jpg 807w\" sizes=\"(max-width: 300px) 100vw, 300px\" \/><\/p>\n<p>&nbsp;<\/p>\n<p dir=\"ltr\">\u201cRelevar informaci\u00f3n de esta naturaleza, permite reducir los niveles de incertidumbre y eficiencia de los aserraderos.<\/p>\n<p>&nbsp;<\/p>\n<p>&nbsp;<\/p>\n<p>&nbsp;<\/p>\n<p dir=\"ltr\">\u00a0El sector forestal, especialmente el de transformaci\u00f3n primaria, \u00a0es un importante rubro para el desarrollo<\/p>\n<p>&nbsp;<\/p>\n<p dir=\"ltr\">\u00a0econ\u00f3mico, que cuenta con grandes empresas, pero tambi\u00e9n peque\u00f1as empresas madereras que presen<\/p>\n<p>&nbsp;<\/p>\n<p dir=\"ltr\">tan problem\u00e1ticas como altos niveles de incertidumbre en diferentes<\/p>\n<p>&nbsp;<\/p>\n<p>&nbsp;<\/p>\n<p dir=\"ltr\">aspectos. Esperamos que los resultados de este relevamiento apoyen y mejoren las decisiones de car\u00e1cter t\u00e1ctico, operacionales, log\u00edsticos y de gesti\u00f3n de estas peque\u00f1as empresas, lo que sin duda mejorar\u00e1 su competitividad y desarrollo\u201d, apunt\u00f3 Bert\u00f3n.<\/p>\n<p dir=\"ltr\">\u00bfQUE ES REDEMA?<\/p>\n<p dir=\"ltr\">Desde los primeros d\u00edas de enero de 2018 se vienen realizando actividades propuestas por el proyecto \u201cDesarrollo y fortalecimiento de la cadena de valor del sector Maderero de Rivera, con \u00e9nfasis en la mejora de la productividad, de la competitividad y de la calidad del empleo\u201d. \u00a0A partir del proyecto, nace la Red de Desarrollo Maderero de Rivera (Redema). Las acciones iniciales de Redema tendr\u00e1n una duraci\u00f3n de 24 meses y son ejecutadas por la Intendencia Departamental de Rivera (IDR), el Ministerio de Industria, Energ\u00eda y Miner\u00eda (MIEM), la Administraci\u00f3n Nacional de Educaci\u00f3n P\u00fablica y la Universidad de la Rep\u00fablica (ANEP-UdelaR) a trav\u00e9s del Tecn\u00f3logo en Madera, el Centro de Extensionismo Industrial (CEI), el Centro Latinoamericano de Econom\u00eda Humana (Claeh) y el sector privado compuesto por aserraderos de Rivera. La Red se crea a partir del proyecto \u201cDesarrollo y fortalecimiento de la cadena de valor del sector Maderero de Rivera, con \u00e9nfasis en la mejora de la productividad, de la competitividad y de la calidad del empleo\u201d, impulsado por la ANDE (Agencia Nacional de Desarrollo), y el Programa Uruguay M\u00e1s Cerca de OPP (Oficina de Planeamiento y Presupuesto) en el marco del Programa de Fomento de la Competitividad Territorial.<\/p>\n<p dir=\"ltr\">\u201cEstamos trabajando desde febrero para sensibilizar a los empresarios. Es muy importante que se integren a la Red y participen de las actividades que proponen algunos empresarios de empresas de la madera y las instituciones participantes destac\u00f3 la <span id=\"m_8937551284720488204gmail-m_-8728729434747360978gmail-docs-internal-guid-f890f56f-6f49-f7e5-ad40-7c360e14d16c\"><\/span><span id=\"m_8937551284720488204gmail-m_-8728729434747360978gmail-docs-internal-guid-f890f56f-6f49-f7e5-ad40-7c360e14d16c\"><span id=\"m_8937551284720488204gmail-m_-8728729434747360978gmail-docs-internal-guid-5e900fa5-6f52-de07-9894-b614317432dc\">Gerenta Ejecutora de Redema, Ing.Agr. Paola Serrentino. <\/span><\/span><\/p>\n<p>&nbsp;<\/p>\n","protected":false},"excerpt":{"rendered":"<p>\u00a0El equipo ejecutor de la Red de Desarrollo Maderero de Rivera comenz\u00f3 esta semana a realizar un relevamiento t\u00e9cnico en \u00a0micro y peque\u00f1os aserraderos de la ciudad de Rivera.<\/p>\n","protected":false},"author":2,"featured_media":1163,"comment_status":"open","ping_status":"open","sticky":false,"template":"","format":"standard","meta":{"footnotes":""},"categories":[1],"tags":[20,58,59,62,60,61,17],"_links":{"self":[{"href":"https:\/\/www.rivera.gub.uy\/medioambiente\/wp-json\/wp\/v2\/posts\/1158"}],"collection":[{"href":"https:\/\/www.rivera.gub.uy\/medioambiente\/wp-json\/wp\/v2\/posts"}],"about":[{"href":"https:\/\/www.rivera.gub.uy\/medioambiente\/wp-json\/wp\/v2\/types\/post"}],"author":[{"embeddable":true,"href":"https:\/\/www.rivera.gub.uy\/medioambiente\/wp-json\/wp\/v2\/users\/2"}],"replies":[{"embeddable":true,"href":"https:\/\/www.rivera.gub.uy\/medioambiente\/wp-json\/wp\/v2\/comments?post=1158"}],"version-history":[{"count":4,"href":"https:\/\/www.rivera.gub.uy\/medioambiente\/wp-json\/wp\/v2\/posts\/1158\/revisions"}],"predecessor-version":[{"id":1165,"href":"https:\/\/www.rivera.gub.uy\/medioambiente\/wp-json\/wp\/v2\/posts\/1158\/revisions\/1165"}],"wp:featuredmedia":[{"embeddable":true,"href":"https:\/\/www.rivera.gub.uy\/medioambiente\/wp-json\/wp\/v2\/media\/1163"}],"wp:attachment":[{"href":"https:\/\/www.rivera.gub.uy\/medioambiente\/wp-json\/wp\/v2\/media?parent=1158"}],"wp:term":[{"taxonomy":"category","embeddable":true,"href":"https:\/\/www.rivera.gub.uy\/medioambiente\/wp-json\/wp\/v2\/categories?post=1158"},{"taxonomy":"post_tag","embeddable":true,"href":"https:\/\/www.rivera.gub.uy\/medioambiente\/wp-json\/wp\/v2\/tags?post=1158"}],"curies":[{"name":"wp","href":"https:\/\/api.w.org\/{rel}","templated":true}]}}