{"id":1169,"date":"2018-05-31T14:12:21","date_gmt":"2018-05-31T14:12:21","guid":{"rendered":"http:\/\/www.rivera.gub.uy\/medioambiente\/?p=1169"},"modified":"2018-05-31T14:37:35","modified_gmt":"2018-05-31T14:37:35","slug":"acceso-las-tics-en-el-medio-rural-trazando-rumbos-apuesta-a-nuevos-horizontes","status":"publish","type":"post","link":"https:\/\/www.rivera.gub.uy\/medioambiente\/acceso-las-tics-en-el-medio-rural-trazando-rumbos-apuesta-a-nuevos-horizontes\/","title":{"rendered":"Acceso las TIC\u00b4s en el Medio Rural,  Trazando Rumbos apuesta a nuevos horizontes"},"content":{"rendered":"<p style=\"font-weight: 400;\">El Proyecto Trazando Rumbos (IDR- OPP)\u00a0\u00a0impulsado por la Divisi\u00f3n de Estrategia de la Direcci\u00f3n General de Desarrollo y Medio Ambiente, en conjunto con el \u00c1rea de Acceso a las TIC\u00b4s y Atenci\u00f3n Ciudadana de la Intendencia Departamental de Rivera; vienen implementando talleres de Inform\u00e1tica a j\u00f3venes que concurren al Centro Juvenil \u201cLa Siembra\u201d (EFA) de Tres Puentes como tambi\u00e9n a la comunidad de este centro poblado.<\/p>\n<p style=\"font-weight: 400;\">El objetivo de estos talleres es promover el uso de las Tecnolog\u00edas de la Informaci\u00f3n y Comunicaci\u00f3n, haciendo que estas herramientas acerquen a los pobladores del interior profundo de nuestro departamento al creciente gobierno digital.\u00a0\u00a0<!--more--><\/p>\n<p style=\"font-weight: 400;\">La metodolog\u00eda de aprendizaje\u00a0\u00a0aplicada en estos talleres es innovadora, no se trata de un curso de inform\u00e1tica lineal en donde el docente desarrolla un cronograma pre establecido. Sino que se trata de un\u00a0\u00a0aula participativa. El desarrollo de cada clase deriva de inquietudes que surgen por parte de los participantes durante la interactividad con los sistemas inform\u00e1ticos. Todos los participantes adem\u00e1s de acceder al conocimiento de c\u00f3mo realizar tr\u00e1mites on line y\/o marcar agenda de atenci\u00f3n en oficinas p\u00fablicas que cuentan con este servicio, adquieren conocimiento en el llenado de gu\u00edas, planillas electr\u00f3nicas, generaci\u00f3n de videos y el uso de las redes sociales.<\/p>\n<p style=\"font-weight: 400;\">Estos Talleres est\u00e1n a cargo del Prof. Benur Alves Rodr\u00edguez y se desarrollan todos los mi\u00e9rcoles, siendo coordinados por el Proyecto Trazando Rumbos en de la siguiente forma: de 14 a 16 horas se realizan talleres con participantes de la comunidad de Tres Puentes y localidades aleda\u00f1as; y de 16 a 18\u00a0\u00a0horas con j\u00f3venes que concurren al centro Juvenil la Siembra. En contacto con el Coordinador del Proyecto, el T\u00e9cnico V\u00edctor Pereira ha manifestado que \u201ca los talleres concurren vecinos de las localidades de Tres Puentes, Moirones, Cerrillada y Alborada\u201d a lo que se suman 10 j\u00f3venes pertenecientes\u00a0al Centro Juvenil.<\/p>\n<p style=\"font-weight: 400;\">Esta iniciativa no solo se circunscribe a la localidad de Tres Puentes, sino que es abierta a todos los j\u00f3venes de las localidades cercanas que quieran participar. Considerando que en el medio rural la dificultad para acceder al traslado es notoria, el Proyecto Trazando Rumbos brinda traslado gratuito a los j\u00f3venes del centro educativo y a todos aquellos que se quieran sumar a los talleres. Por \u00faltimo, el equipo t\u00e9cnico del proyecto Trazando Rumbos agradece a la direcci\u00f3n del Centro Juvenil \u201cLa Siembra\u201d por facilitar el acceso de la comunidad a la sala de inform\u00e1tica que existe en dicho\u00a0\u00a0centro y donde se vienen desarrollando los talleres.<\/p>\n<div id='gallery-1' class='gallery galleryid-1169 gallery-columns-6 gallery-size-thumbnail'><figure class='gallery-item'>\n\t\t\t<div class='gallery-icon landscape'>\n\t\t\t\t<a href='https:\/\/www.rivera.gub.uy\/medioambiente\/wp-content\/uploads\/2018\/05\/WhatsApp-Image-2018-03-07-at-21.44.41.jpeg'><img loading=\"lazy\" decoding=\"async\" width=\"150\" height=\"150\" src=\"https:\/\/www.rivera.gub.uy\/medioambiente\/wp-content\/uploads\/2018\/05\/WhatsApp-Image-2018-03-07-at-21.44.41-150x150.jpeg\" class=\"attachment-thumbnail size-thumbnail\" alt=\"\" \/><\/a>\n\t\t\t<\/div><\/figure><figure class='gallery-item'>\n\t\t\t<div class='gallery-icon landscape'>\n\t\t\t\t<a href='https:\/\/www.rivera.gub.uy\/medioambiente\/wp-content\/uploads\/2018\/05\/WhatsApp-Image-2018-03-07-at-21.44.42-1.jpeg'><img loading=\"lazy\" decoding=\"async\" width=\"150\" height=\"150\" src=\"https:\/\/www.rivera.gub.uy\/medioambiente\/wp-content\/uploads\/2018\/05\/WhatsApp-Image-2018-03-07-at-21.44.42-1-150x150.jpeg\" class=\"attachment-thumbnail size-thumbnail\" alt=\"\" \/><\/a>\n\t\t\t<\/div><\/figure><figure class='gallery-item'>\n\t\t\t<div class='gallery-icon landscape'>\n\t\t\t\t<a href='https:\/\/www.rivera.gub.uy\/medioambiente\/wp-content\/uploads\/2018\/05\/WhatsApp-Image-2018-03-07-at-21.44.42.jpeg'><img loading=\"lazy\" decoding=\"async\" width=\"150\" height=\"150\" src=\"https:\/\/www.rivera.gub.uy\/medioambiente\/wp-content\/uploads\/2018\/05\/WhatsApp-Image-2018-03-07-at-21.44.42-150x150.jpeg\" class=\"attachment-thumbnail size-thumbnail\" alt=\"\" \/><\/a>\n\t\t\t<\/div><\/figure><figure class='gallery-item'>\n\t\t\t<div class='gallery-icon landscape'>\n\t\t\t\t<a href='https:\/\/www.rivera.gub.uy\/medioambiente\/wp-content\/uploads\/2018\/05\/WhatsApp-Image-2018-03-07-at-21.44.43.jpeg'><img loading=\"lazy\" decoding=\"async\" width=\"150\" height=\"150\" src=\"https:\/\/www.rivera.gub.uy\/medioambiente\/wp-content\/uploads\/2018\/05\/WhatsApp-Image-2018-03-07-at-21.44.43-150x150.jpeg\" class=\"attachment-thumbnail size-thumbnail\" alt=\"\" \/><\/a>\n\t\t\t<\/div><\/figure><figure class='gallery-item'>\n\t\t\t<div class='gallery-icon landscape'>\n\t\t\t\t<a href='https:\/\/www.rivera.gub.uy\/medioambiente\/wp-content\/uploads\/2018\/05\/t1.jpg'><img loading=\"lazy\" decoding=\"async\" width=\"150\" height=\"150\" src=\"https:\/\/www.rivera.gub.uy\/medioambiente\/wp-content\/uploads\/2018\/05\/t1-150x150.jpg\" class=\"attachment-thumbnail size-thumbnail\" alt=\"\" \/><\/a>\n\t\t\t<\/div><\/figure><figure class='gallery-item'>\n\t\t\t<div class='gallery-icon landscape'>\n\t\t\t\t<a href='https:\/\/www.rivera.gub.uy\/medioambiente\/wp-content\/uploads\/2018\/05\/trazandorumbos.jpg'><img loading=\"lazy\" decoding=\"async\" width=\"150\" height=\"150\" src=\"https:\/\/www.rivera.gub.uy\/medioambiente\/wp-content\/uploads\/2018\/05\/trazandorumbos-150x150.jpg\" class=\"attachment-thumbnail size-thumbnail\" alt=\"\" \/><\/a>\n\t\t\t<\/div><\/figure>\n\t\t<\/div>\n\n","protected":false},"excerpt":{"rendered":"<p>El Proyecto Trazando Rumbos (IDR- OPP)\u00a0\u00a0impulsado por la Divisi\u00f3n de Estrategia de la Direcci\u00f3n General de Desarrollo y Medio Ambiente, en conjunto con el \u00c1rea de Acceso a las TIC\u00b4s y Atenci\u00f3n Ciudadana de la Intendencia Departamental de Rivera; vienen implementando talleres de Inform\u00e1tica a j\u00f3venes que concurren al Centro Juvenil \u201cLa Siembra\u201d (EFA) de [&hellip;]<\/p>\n","protected":false},"author":2,"featured_media":1173,"comment_status":"open","ping_status":"open","sticky":false,"template":"","format":"standard","meta":{"footnotes":""},"categories":[1],"tags":[57,16,17,30],"_links":{"self":[{"href":"https:\/\/www.rivera.gub.uy\/medioambiente\/wp-json\/wp\/v2\/posts\/1169"}],"collection":[{"href":"https:\/\/www.rivera.gub.uy\/medioambiente\/wp-json\/wp\/v2\/posts"}],"about":[{"href":"https:\/\/www.rivera.gub.uy\/medioambiente\/wp-json\/wp\/v2\/types\/post"}],"author":[{"embeddable":true,"href":"https:\/\/www.rivera.gub.uy\/medioambiente\/wp-json\/wp\/v2\/users\/2"}],"replies":[{"embeddable":true,"href":"https:\/\/www.rivera.gub.uy\/medioambiente\/wp-json\/wp\/v2\/comments?post=1169"}],"version-history":[{"count":3,"href":"https:\/\/www.rivera.gub.uy\/medioambiente\/wp-json\/wp\/v2\/posts\/1169\/revisions"}],"predecessor-version":[{"id":1178,"href":"https:\/\/www.rivera.gub.uy\/medioambiente\/wp-json\/wp\/v2\/posts\/1169\/revisions\/1178"}],"wp:featuredmedia":[{"embeddable":true,"href":"https:\/\/www.rivera.gub.uy\/medioambiente\/wp-json\/wp\/v2\/media\/1173"}],"wp:attachment":[{"href":"https:\/\/www.rivera.gub.uy\/medioambiente\/wp-json\/wp\/v2\/media?parent=1169"}],"wp:term":[{"taxonomy":"category","embeddable":true,"href":"https:\/\/www.rivera.gub.uy\/medioambiente\/wp-json\/wp\/v2\/categories?post=1169"},{"taxonomy":"post_tag","embeddable":true,"href":"https:\/\/www.rivera.gub.uy\/medioambiente\/wp-json\/wp\/v2\/tags?post=1169"}],"curies":[{"name":"wp","href":"https:\/\/api.w.org\/{rel}","templated":true}]}}