{"id":1179,"date":"2018-06-01T14:18:25","date_gmt":"2018-06-01T14:18:25","guid":{"rendered":"http:\/\/www.rivera.gub.uy\/medioambiente\/?p=1179"},"modified":"2018-06-01T14:18:25","modified_gmt":"2018-06-01T14:18:25","slug":"ediles-conocieron-detalles-del-trabajo-realizado-por-de-la-red-de-desarrollo-maderero-de-rivera","status":"publish","type":"post","link":"https:\/\/www.rivera.gub.uy\/medioambiente\/ediles-conocieron-detalles-del-trabajo-realizado-por-de-la-red-de-desarrollo-maderero-de-rivera\/","title":{"rendered":"Ediles conocieron detalles del trabajo realizado por de la Red de Desarrollo Maderero de Rivera"},"content":{"rendered":"<p>El pasado 23 de mayo el equipo ejecutor de la Red de Desarrollo Maderero de Rivera (Redema) junto al Ing. Pablo Sommer referente de la Oficina de Planeamiento y Presupuesto y el Director de Direcci\u00f3n General de Desarrollo y Medio Ambiente de la ciudad de Rivera, Q.F Alejandro Bert\u00f3n, particip\u00f3 de la reuni\u00f3n de la Comisi\u00f3n de Desarrollo, Asuntos Agropecuarios y Comercio de la Junta Departamental de Rivera. <!--more--><\/p>\n<p>En la oportunidad, se present\u00f3 detalladamente el proyecto Desarrollo y fortalecimiento de la cadena de valor del sector Maderero de Rivera, con \u00e9nfasis en la mejora de la productividad, de la competitividad y de la calidad del empleo, presentando por IDR al llamado a Proyectos para el Fomento de la Competitividad Territorial, dise\u00f1ado y ejecutado en forma conjunta entre el Programa Uruguay M\u00e1s Cerca de la Direcci\u00f3n de Descentralizaci\u00f3n e Inversi\u00f3n P\u00fablica de la Oficina de Planeamiento y Presupuesto y la Agencia Nacional de Desarrollo, proyecto a partir del cual se conforma Redema.<br \/>\nEn la oportunidad los ediles que integran dicha comisi\u00f3n conocieron tambi\u00e9n las actividades que se vienen realizado desde febrero de este a\u00f1o por las instituciones que integran la Red.<\/p>\n<p>Estuvieron presentes los se\u00f1ores ediles Robert Costa, Leandro Mu\u00f1oz, Larry Mart\u00ednez, Rafael Piazze, N\u00e9stor Pochel\u00fa, Ra\u00fal Coiti\u00f1o y B\u00e9quer V\u00e1zquez, adem\u00e1s de Ing. Pablo Sommer (OPP), Ing. Agr. Paola Serrentino (Redema), Anthony Venini (Redema) y Ang\u00e9lica Segu\u00ed (Redema).<\/p>\n<p>En la reuni\u00f3n se destacaron posibles v\u00edas de trabajo y soluciones, como lo es la b\u00fasqueda de financiamientos para el sector forestal, involucramiento de Uruguay XXI y la generaci\u00f3n de \u201cleyes\u201d y\/o beneficios espec\u00edficos para aquellos trabajadores en el \u00e1rea del aserrado de la madera (empresario\/emprendedor\/trabajador).<\/p>\n<p>\u00abEs un proyecto de mucha importancia para el desarrollo de nuestra ciudad. Nos parece muy relevante el apoyo a los peque\u00f1os empresarios de aserraderos. Creemos que a mediano y largo plazo las actividades de la Red van a tener impacto en el mercado de la madera\u00bb, destac\u00f3 el presidente de la Comisi\u00f3n de Desarrollo, edil Robert Costa Quevedo.<\/p>\n<p><strong>\u00bfQUE ES REDEMA?<\/strong><\/p>\n<p>La Red de Desarrollo Maderero de Rivera es una Red creada a partir del proyecto Desarrollo y fortalecimiento de la cadena de valor del sector Maderero de Rivera, con \u00e9nfasis en la mejora de la productividad, de la competitividad y de la calidad del empleo, presentando por IDR al llamado a Proyectos para el Fomento de la Competitividad Territorial, dise\u00f1ado y ejecutado en forma conjunta entre el Programa Uruguay M\u00e1s Cerca de la Direcci\u00f3n de Descentralizaci\u00f3n e Inversi\u00f3n P\u00fablica de la Oficina de Planeamiento y Presupuesto y la Agencia Nacional de Desarrollo.<\/p>\n<p>REDEMA est\u00e1 conformada por distintos actores, entre ellos la Intendencia Departamental de Rivera (IDR), el Ministerio de Industria, Energ\u00eda y Miner\u00eda (MIEM), la Administraci\u00f3n Nacional de Educaci\u00f3n P\u00fablica y la Universidad de la Rep\u00fablica (ANEP-UdelaR) a trav\u00e9s del Tecn\u00f3logo en Madera, el Centro de Extensionismo Industrial (CEI), el Centro Latinoamericano de Econom\u00eda Humana (Claeh) y el sector privado compuesto por aserraderos de Rivera. La Red se crea a partir del proyecto \u201cDesarrollo y fortalecimiento de la cadena de valor del sector Maderero de Rivera, con \u00e9nfasis en la mejora de la productividad, de la competitividad y de la calidad del empleo\u201d, impulsado por la ANDE (Agencia Nacional de Desarrollo), y el Programa Uruguay M\u00e1s Cerca de OPP (Oficina de Planeamiento y Presupuesto) en el marco del Programa de Fomento de la Competitividad Territorial.<\/p>\n<p>El proyecto Desarrollo y fortalecimiento de la cadena de valor del sector Maderero de Rivera, con \u00e9nfasis en la mejora de la productividad, de la competitividad y de la calidad del empleo est\u00e1 impulsado por la Agencia Nacional de Desarrollo, ANDE y el Programa Uruguay M\u00e1s Cerca de OPP en el marco del Programa de Fomento de la Competitividad Territorial.<\/p>\n","protected":false},"excerpt":{"rendered":"<p>El pasado 23 de mayo el equipo ejecutor de la Red de Desarrollo Maderero de Rivera (Redema) junto al Ing. Pablo Sommer referente de la Oficina de Planeamiento y Presupuesto y el Director de Direcci\u00f3n General de Desarrollo y Medio Ambiente de la ciudad de Rivera, Q.F Alejandro Bert\u00f3n, particip\u00f3 de la reuni\u00f3n de la [&hellip;]<\/p>\n","protected":false},"author":2,"featured_media":1157,"comment_status":"open","ping_status":"open","sticky":false,"template":"","format":"standard","meta":{"footnotes":""},"categories":[1],"tags":[20,64,57,56,65,66,55],"_links":{"self":[{"href":"https:\/\/www.rivera.gub.uy\/medioambiente\/wp-json\/wp\/v2\/posts\/1179"}],"collection":[{"href":"https:\/\/www.rivera.gub.uy\/medioambiente\/wp-json\/wp\/v2\/posts"}],"about":[{"href":"https:\/\/www.rivera.gub.uy\/medioambiente\/wp-json\/wp\/v2\/types\/post"}],"author":[{"embeddable":true,"href":"https:\/\/www.rivera.gub.uy\/medioambiente\/wp-json\/wp\/v2\/users\/2"}],"replies":[{"embeddable":true,"href":"https:\/\/www.rivera.gub.uy\/medioambiente\/wp-json\/wp\/v2\/comments?post=1179"}],"version-history":[{"count":1,"href":"https:\/\/www.rivera.gub.uy\/medioambiente\/wp-json\/wp\/v2\/posts\/1179\/revisions"}],"predecessor-version":[{"id":1180,"href":"https:\/\/www.rivera.gub.uy\/medioambiente\/wp-json\/wp\/v2\/posts\/1179\/revisions\/1180"}],"wp:featuredmedia":[{"embeddable":true,"href":"https:\/\/www.rivera.gub.uy\/medioambiente\/wp-json\/wp\/v2\/media\/1157"}],"wp:attachment":[{"href":"https:\/\/www.rivera.gub.uy\/medioambiente\/wp-json\/wp\/v2\/media?parent=1179"}],"wp:term":[{"taxonomy":"category","embeddable":true,"href":"https:\/\/www.rivera.gub.uy\/medioambiente\/wp-json\/wp\/v2\/categories?post=1179"},{"taxonomy":"post_tag","embeddable":true,"href":"https:\/\/www.rivera.gub.uy\/medioambiente\/wp-json\/wp\/v2\/tags?post=1179"}],"curies":[{"name":"wp","href":"https:\/\/api.w.org\/{rel}","templated":true}]}}