{"id":1183,"date":"2018-06-05T14:30:48","date_gmt":"2018-06-05T14:30:48","guid":{"rendered":"http:\/\/www.rivera.gub.uy\/medioambiente\/?p=1183"},"modified":"2018-06-07T12:20:48","modified_gmt":"2018-06-07T12:20:48","slug":"emprendedores-de-aserraderos-de-rivera-conocieron-avances-de-la-red-de-desarrollo-maderero-de-rivera","status":"publish","type":"post","link":"https:\/\/www.rivera.gub.uy\/medioambiente\/emprendedores-de-aserraderos-de-rivera-conocieron-avances-de-la-red-de-desarrollo-maderero-de-rivera\/","title":{"rendered":"Emprendedores de aserraderos de Rivera conocieron avances de la Red de Desarrollo Maderero de Rivera"},"content":{"rendered":"<p dir=\"ltr\">Empresarios de peque\u00f1os y medianos aserraderos de la ciudad de Rivera se reunieron el pasado viernes 1\u00b0 \u00a0de junio con representantes de las instituciones que integran la Red de Desarrollo Maderero de Rivera. En la oportunidad se presentaron los primeros avances logrados por la Red. Estuvieron presentes los emprendedores Juan Sanguin\u00e9, Daniel Bay\u00f3n, Diego Guadalupe, Fabian Borrea, Oscar Rivera, adem\u00e1s de B\u00e1rbara Genderson (IDR), Blanca Montejo (MIEM), Pablo Raimonda (ANEP\/UDELAR), Pablo Sommer (OPP), Rafael Cersosimo (CCE Rivera), Paola Serrentino (Redema), Ang\u00e9lica Segu\u00ed (Redema) y Anthony Venini (Redema). \u00a0<!--more--><\/p>\n<p dir=\"ltr\">En la ocasi\u00f3n, tambi\u00e9n se debati\u00f3 sobre normas de seguridad laboral, factor clave de competitividad y responsabilidad de cualquier empresa. La sensibilizaci\u00f3n estuvo a cargo del Ing.Quim. Pablo Raimonda, representante de la Administraci\u00f3n Nacional de Educaci\u00f3n P\u00fablica (ANEP), una de las instituciones socias del proyecto.<\/p>\n<p dir=\"ltr\">\u201cEl objetivo de las reuniones es compartir \u00a0las novedades de avances que vamos logrando y que cada instituci\u00f3n socia pueda aportar contenidos que mejoren los resultados de estas peque\u00f1as empresas.. Es muy importante que todos los propietarios de peque\u00f1os aserraderos participen, pues guiamos nuestro trabajo a partir de sus necesidades\u201d, destac\u00f3 la Gerenta Ejecutora de Redema, Ing. Agr. Paola Serrentino.<\/p>\n<p dir=\"ltr\">La pr\u00f3xima reuni\u00f3n tendr\u00e1 lugar el d\u00eda 3 de julio de 2018 en el Centro de Competitividad de Rivera.<\/p>\n<div id='gallery-1' class='gallery galleryid-1183 gallery-columns-3 gallery-size-thumbnail'><figure class='gallery-item'>\n\t\t\t<div class='gallery-icon landscape'>\n\t\t\t\t<a href='https:\/\/www.rivera.gub.uy\/medioambiente\/wp-content\/uploads\/2018\/06\/IMG_6942.jpg'><img loading=\"lazy\" decoding=\"async\" width=\"150\" height=\"150\" src=\"https:\/\/www.rivera.gub.uy\/medioambiente\/wp-content\/uploads\/2018\/06\/IMG_6942-150x150.jpg\" class=\"attachment-thumbnail size-thumbnail\" alt=\"\" \/><\/a>\n\t\t\t<\/div><\/figure><figure class='gallery-item'>\n\t\t\t<div class='gallery-icon landscape'>\n\t\t\t\t<a href='https:\/\/www.rivera.gub.uy\/medioambiente\/wp-content\/uploads\/2018\/06\/IMG_6943.jpg'><img loading=\"lazy\" decoding=\"async\" width=\"150\" height=\"150\" src=\"https:\/\/www.rivera.gub.uy\/medioambiente\/wp-content\/uploads\/2018\/06\/IMG_6943-150x150.jpg\" class=\"attachment-thumbnail size-thumbnail\" alt=\"\" \/><\/a>\n\t\t\t<\/div><\/figure><figure class='gallery-item'>\n\t\t\t<div class='gallery-icon landscape'>\n\t\t\t\t<a href='https:\/\/www.rivera.gub.uy\/medioambiente\/wp-content\/uploads\/2018\/06\/IMG_6949.jpg'><img loading=\"lazy\" decoding=\"async\" width=\"150\" height=\"150\" src=\"https:\/\/www.rivera.gub.uy\/medioambiente\/wp-content\/uploads\/2018\/06\/IMG_6949-150x150.jpg\" class=\"attachment-thumbnail size-thumbnail\" alt=\"\" \/><\/a>\n\t\t\t<\/div><\/figure><figure class='gallery-item'>\n\t\t\t<div class='gallery-icon landscape'>\n\t\t\t\t<a href='https:\/\/www.rivera.gub.uy\/medioambiente\/wp-content\/uploads\/2018\/06\/IMG_6952.jpg'><img loading=\"lazy\" decoding=\"async\" width=\"150\" height=\"150\" src=\"https:\/\/www.rivera.gub.uy\/medioambiente\/wp-content\/uploads\/2018\/06\/IMG_6952-150x150.jpg\" class=\"attachment-thumbnail size-thumbnail\" alt=\"\" \/><\/a>\n\t\t\t<\/div><\/figure><figure class='gallery-item'>\n\t\t\t<div class='gallery-icon portrait'>\n\t\t\t\t<a href='https:\/\/www.rivera.gub.uy\/medioambiente\/wp-content\/uploads\/2018\/06\/IMG_6955.jpg'><img loading=\"lazy\" decoding=\"async\" width=\"150\" height=\"150\" src=\"https:\/\/www.rivera.gub.uy\/medioambiente\/wp-content\/uploads\/2018\/06\/IMG_6955-150x150.jpg\" class=\"attachment-thumbnail size-thumbnail\" alt=\"\" \/><\/a>\n\t\t\t<\/div><\/figure><figure class='gallery-item'>\n\t\t\t<div class='gallery-icon landscape'>\n\t\t\t\t<a href='https:\/\/www.rivera.gub.uy\/medioambiente\/wp-content\/uploads\/2018\/06\/IMG_6956.jpg'><img loading=\"lazy\" decoding=\"async\" width=\"150\" height=\"150\" src=\"https:\/\/www.rivera.gub.uy\/medioambiente\/wp-content\/uploads\/2018\/06\/IMG_6956-150x150.jpg\" class=\"attachment-thumbnail size-thumbnail\" alt=\"\" \/><\/a>\n\t\t\t<\/div><\/figure>\n\t\t<\/div>\n\n","protected":false},"excerpt":{"rendered":"<p>Empresarios de peque\u00f1os y medianos aserraderos de la ciudad de Rivera se reunieron el pasado viernes 1\u00b0 \u00a0de junio con representantes de las instituciones que integran la Red de Desarrollo Maderero de Rivera. En la oportunidad se presentaron los primeros avances logrados por la Red. Estuvieron presentes los emprendedores Juan Sanguin\u00e9, Daniel Bay\u00f3n, Diego Guadalupe, [&hellip;]<\/p>\n","protected":false},"author":2,"featured_media":1188,"comment_status":"open","ping_status":"open","sticky":false,"template":"","format":"standard","meta":{"footnotes":""},"categories":[1],"tags":[20,55,17],"_links":{"self":[{"href":"https:\/\/www.rivera.gub.uy\/medioambiente\/wp-json\/wp\/v2\/posts\/1183"}],"collection":[{"href":"https:\/\/www.rivera.gub.uy\/medioambiente\/wp-json\/wp\/v2\/posts"}],"about":[{"href":"https:\/\/www.rivera.gub.uy\/medioambiente\/wp-json\/wp\/v2\/types\/post"}],"author":[{"embeddable":true,"href":"https:\/\/www.rivera.gub.uy\/medioambiente\/wp-json\/wp\/v2\/users\/2"}],"replies":[{"embeddable":true,"href":"https:\/\/www.rivera.gub.uy\/medioambiente\/wp-json\/wp\/v2\/comments?post=1183"}],"version-history":[{"count":4,"href":"https:\/\/www.rivera.gub.uy\/medioambiente\/wp-json\/wp\/v2\/posts\/1183\/revisions"}],"predecessor-version":[{"id":1194,"href":"https:\/\/www.rivera.gub.uy\/medioambiente\/wp-json\/wp\/v2\/posts\/1183\/revisions\/1194"}],"wp:featuredmedia":[{"embeddable":true,"href":"https:\/\/www.rivera.gub.uy\/medioambiente\/wp-json\/wp\/v2\/media\/1188"}],"wp:attachment":[{"href":"https:\/\/www.rivera.gub.uy\/medioambiente\/wp-json\/wp\/v2\/media?parent=1183"}],"wp:term":[{"taxonomy":"category","embeddable":true,"href":"https:\/\/www.rivera.gub.uy\/medioambiente\/wp-json\/wp\/v2\/categories?post=1183"},{"taxonomy":"post_tag","embeddable":true,"href":"https:\/\/www.rivera.gub.uy\/medioambiente\/wp-json\/wp\/v2\/tags?post=1183"}],"curies":[{"name":"wp","href":"https:\/\/api.w.org\/{rel}","templated":true}]}}