{"id":1195,"date":"2018-06-11T13:29:44","date_gmt":"2018-06-11T13:29:44","guid":{"rendered":"http:\/\/www.rivera.gub.uy\/medioambiente\/?p=1195"},"modified":"2018-07-02T12:45:53","modified_gmt":"2018-07-02T12:45:53","slug":"el-proyecto-trazando-rumbos-realiza-nuevo-taller-de-orientacion-vocacional-en-cerro-pelado","status":"publish","type":"post","link":"https:\/\/www.rivera.gub.uy\/medioambiente\/el-proyecto-trazando-rumbos-realiza-nuevo-taller-de-orientacion-vocacional-en-cerro-pelado\/","title":{"rendered":"El proyecto Trazando Rumbos realiza nuevo taller de orientaci\u00f3n vocacional en Cerro Pelado"},"content":{"rendered":"<p>\u201cJugando, siempre es m\u00e1s divertido planificar el futuro\u201d<\/p>\n<p>El pasado 5 de junio el Proyecto Trazando Rumbos\u00a0\u00a0(IDR-OPP) impulsado por la Divisi\u00f3n de Estrategias de la Direcci\u00f3n General de Desarrollo y Medio Ambiente desarrollo un nuevo taller de orientaci\u00f3n vocacional dirigido a estudiantes del Liceo Rural \u201cPedro Riera\u201d de Cerro Pelado. Para estos estudiantes la migraci\u00f3n a Rivera o Vichadero para culminar bachillerato, una vez culminado cuarto a\u00f1o, representa siempre un desaf\u00edo.<!--more--><\/p>\n<p>Este\u00a0\u00a0cambio no implica \u00fanicamente la migraci\u00f3n del medio rural a la ciudad,\u00a0\u00a0el alejamiento de su familia y\u00a0la interacci\u00f3n con nuevos compa\u00f1eros; si no que adem\u00e1s deben decidir la orientaci\u00f3n m\u00e1s acorde a\u00a0sus habilidades y destrezas que permita construir su futuro. En este contexto el Proyecto Trazando Rumbos\u00a0intenta\u00a0aportar su \u201cgranito de arena\u201d acercando herramientas a estos j\u00f3venes estudiantes para que puedan identificar su vocaci\u00f3n.<\/p>\n<p>As\u00ed, la Lic. Sabrina Latorre ha desarrollado un taller de orientaci\u00f3n vocacional din\u00e1mico, divertido y con juegos interactivos dirigidos a j\u00f3venes de 14 a 16 a\u00f1os el cual estimula a estos estudiantes a reflexionara sobre su futuro. Con este taller, el Proyecto Trazando Rumbos ha logrado alcanzar a m\u00e1s de 130 alumnos del interior departamental con este servicio de orientaci\u00f3n vocacional.<\/p>\n<p>Desde la Coordinaci\u00f3n del Proyecto Trazando Rumbos se agradece\u00a0\u00a0a la Direcci\u00f3n del Liceo de Cerro Pelado y sus adscriptos por la recepci\u00f3n y aportes realizados durante la jornada.<\/p>\n","protected":false},"excerpt":{"rendered":"<p>\u201cJugando, siempre es m\u00e1s divertido planificar el futuro\u201d El pasado 5 de junio el Proyecto Trazando Rumbos\u00a0\u00a0(IDR-OPP) impulsado por la Divisi\u00f3n de Estrategias de la Direcci\u00f3n General de Desarrollo y Medio Ambiente desarrollo un nuevo taller de orientaci\u00f3n vocacional dirigido a estudiantes del Liceo Rural \u201cPedro Riera\u201d de Cerro Pelado. Para estos estudiantes la migraci\u00f3n [&hellip;]<\/p>\n","protected":false},"author":2,"featured_media":1174,"comment_status":"open","ping_status":"open","sticky":false,"template":"","format":"standard","meta":{"footnotes":""},"categories":[1],"tags":[16,17,30],"_links":{"self":[{"href":"https:\/\/www.rivera.gub.uy\/medioambiente\/wp-json\/wp\/v2\/posts\/1195"}],"collection":[{"href":"https:\/\/www.rivera.gub.uy\/medioambiente\/wp-json\/wp\/v2\/posts"}],"about":[{"href":"https:\/\/www.rivera.gub.uy\/medioambiente\/wp-json\/wp\/v2\/types\/post"}],"author":[{"embeddable":true,"href":"https:\/\/www.rivera.gub.uy\/medioambiente\/wp-json\/wp\/v2\/users\/2"}],"replies":[{"embeddable":true,"href":"https:\/\/www.rivera.gub.uy\/medioambiente\/wp-json\/wp\/v2\/comments?post=1195"}],"version-history":[{"count":3,"href":"https:\/\/www.rivera.gub.uy\/medioambiente\/wp-json\/wp\/v2\/posts\/1195\/revisions"}],"predecessor-version":[{"id":1214,"href":"https:\/\/www.rivera.gub.uy\/medioambiente\/wp-json\/wp\/v2\/posts\/1195\/revisions\/1214"}],"wp:featuredmedia":[{"embeddable":true,"href":"https:\/\/www.rivera.gub.uy\/medioambiente\/wp-json\/wp\/v2\/media\/1174"}],"wp:attachment":[{"href":"https:\/\/www.rivera.gub.uy\/medioambiente\/wp-json\/wp\/v2\/media?parent=1195"}],"wp:term":[{"taxonomy":"category","embeddable":true,"href":"https:\/\/www.rivera.gub.uy\/medioambiente\/wp-json\/wp\/v2\/categories?post=1195"},{"taxonomy":"post_tag","embeddable":true,"href":"https:\/\/www.rivera.gub.uy\/medioambiente\/wp-json\/wp\/v2\/tags?post=1195"}],"curies":[{"name":"wp","href":"https:\/\/api.w.org\/{rel}","templated":true}]}}