{"id":1200,"date":"2018-06-18T14:54:13","date_gmt":"2018-06-18T14:54:13","guid":{"rendered":"http:\/\/www.rivera.gub.uy\/medioambiente\/?p=1200"},"modified":"2018-06-18T14:54:51","modified_gmt":"2018-06-18T14:54:51","slug":"formate-aqui-acercate-a-conocer-las-alternativas-de-formacion-terciaria-de-tu-region","status":"publish","type":"post","link":"https:\/\/www.rivera.gub.uy\/medioambiente\/formate-aqui-acercate-a-conocer-las-alternativas-de-formacion-terciaria-de-tu-region\/","title":{"rendered":"\u00abF\u00f3rmate Aqu\u00ed\u00bb: Ac\u00e9rcate a conocer las alternativas de formaci\u00f3n terciaria de tu regi\u00f3n"},"content":{"rendered":"<p>El Proyecto <strong>Trazando Rumbos<\/strong> (IDR-OPP) implementado por la Direcci\u00f3n General de Desarrollo y Medio Ambiente a trav\u00e9s de la Divisi\u00f3n de Estrategias, informa que el pr\u00f3ximo jueves 21 de junio se realiza la segunda edici\u00f3n del F\u00f3rmate Aqu\u00ed.<\/p>\n<p>\u00abFormate Aqu\u00ed\u00bb es un espacio informativo, implementado por OPP-UMC (Uruguay M\u00e1s Cerca), que tiene por finalidad acercar la oferta educativa de la regi\u00f3n a los j\u00f3venes del interior de nuestro departamento.<\/p>\n<p>La primer instancia de F\u00f3rmate Aqu\u00ed, en el mes de Mayo, n\u00facleo a m\u00e1s de 40 estudiantes del Liceo de Vichadero, los cuales visitaron seis centros educativos de nivel terciario de la regi\u00f3n. Ahora es el turno de los estudiantes del Liceo Comunitario Rural de Cerro Pelado Prof. Pedro Riera y de la Escuela T\u00e9cnica de Vichadero.<!--more--><\/p>\n<p>Estos j\u00f3venes ser\u00e1n recibidos por docentes y alumnos de algunos centros educativos de nuestra ciudad informando sobre las carreras ofrecidas, requisitos de ingreso, sistema de becas. En esta ocasi\u00f3n tambi\u00e9n, se estar\u00e1 visitando el Hogar Estudiantil de Rivera, el cual representa una alternativa de alojamiento para dichos j\u00f3venes.<\/p>\n<p>Desde la organizaci\u00f3n se convoca a participar a la poblaci\u00f3n en general que tenga inter\u00e9s en conocer las diversas carreras que se ofrecen en nuestra frontera.<\/p>\n<p>Cronograma de visitas guiadas:<\/p>\n<table>\n<tbody>\n<tr>\n<td>Hora<\/td>\n<td>Instituci\u00f3n<\/td>\n<\/tr>\n<tr>\n<td>9:00<\/td>\n<td>Escuela Agraria de Rivera<\/td>\n<\/tr>\n<tr>\n<td>10:30<\/td>\n<td>Escuela T\u00e9cnica Superior de Rivera (UTU)<\/td>\n<\/tr>\n<tr>\n<td>14:00<\/td>\n<td>Hogar Estudiantil de Rivera (IDR)<\/td>\n<\/tr>\n<tr>\n<td>15:30<\/td>\n<td>Instituto Federal Sul Campus (IFSUL)<\/td>\n<\/tr>\n<tr>\n<td>17:00<\/td>\n<td>Centro Universitario de Rivera (CUR-UDELAR)<\/td>\n<\/tr>\n<\/tbody>\n<\/table>\n<p>Organiza: Proyecto Trazando Rumbos<br \/>\nApoya: Secretaria Binacional de Educaci\u00f3n<br \/>\nPor m\u00e1s Informaci\u00f3n: V\u00edctor Pereira 097682095 \/ Alan Fontan\u00e9 091243988<\/p>\n<p>&nbsp;<\/p>\n<div id='gallery-1' class='gallery galleryid-1200 gallery-columns-2 gallery-size-medium'><figure class='gallery-item'>\n\t\t\t<div class='gallery-icon portrait'>\n\t\t\t\t<a href='https:\/\/www.rivera.gub.uy\/medioambiente\/wp-content\/uploads\/2018\/06\/tr1.jpg'><img loading=\"lazy\" decoding=\"async\" width=\"225\" height=\"300\" src=\"https:\/\/www.rivera.gub.uy\/medioambiente\/wp-content\/uploads\/2018\/06\/tr1-225x300.jpg\" class=\"attachment-medium size-medium\" alt=\"\" srcset=\"https:\/\/www.rivera.gub.uy\/medioambiente\/wp-content\/uploads\/2018\/06\/tr1-225x300.jpg 225w, https:\/\/www.rivera.gub.uy\/medioambiente\/wp-content\/uploads\/2018\/06\/tr1.jpg 437w\" sizes=\"(max-width: 225px) 100vw, 225px\" \/><\/a>\n\t\t\t<\/div><\/figure><figure class='gallery-item'>\n\t\t\t<div class='gallery-icon landscape'>\n\t\t\t\t<a href='https:\/\/www.rivera.gub.uy\/medioambiente\/wp-content\/uploads\/2018\/06\/tr2-1.jpg'><img loading=\"lazy\" decoding=\"async\" width=\"300\" height=\"225\" src=\"https:\/\/www.rivera.gub.uy\/medioambiente\/wp-content\/uploads\/2018\/06\/tr2-1-300x225.jpg\" class=\"attachment-medium size-medium\" alt=\"\" srcset=\"https:\/\/www.rivera.gub.uy\/medioambiente\/wp-content\/uploads\/2018\/06\/tr2-1-300x225.jpg 300w, https:\/\/www.rivera.gub.uy\/medioambiente\/wp-content\/uploads\/2018\/06\/tr2-1.jpg 617w\" sizes=\"(max-width: 300px) 100vw, 300px\" \/><\/a>\n\t\t\t<\/div><\/figure>\n\t\t<\/div>\n\n","protected":false},"excerpt":{"rendered":"<p>El Proyecto Trazando Rumbos (IDR-OPP) implementado por la Direcci\u00f3n General de Desarrollo y Medio Ambiente a trav\u00e9s de la Divisi\u00f3n de Estrategias, informa que el pr\u00f3ximo jueves 21 de junio se realiza la segunda edici\u00f3n del F\u00f3rmate Aqu\u00ed. \u00abFormate Aqu\u00ed\u00bb es un espacio informativo, implementado por OPP-UMC (Uruguay M\u00e1s Cerca), que tiene por finalidad acercar [&hellip;]<\/p>\n","protected":false},"author":2,"featured_media":1201,"comment_status":"open","ping_status":"open","sticky":false,"template":"","format":"standard","meta":{"footnotes":""},"categories":[1],"tags":[57,69,19,16,66,17,30,70],"_links":{"self":[{"href":"https:\/\/www.rivera.gub.uy\/medioambiente\/wp-json\/wp\/v2\/posts\/1200"}],"collection":[{"href":"https:\/\/www.rivera.gub.uy\/medioambiente\/wp-json\/wp\/v2\/posts"}],"about":[{"href":"https:\/\/www.rivera.gub.uy\/medioambiente\/wp-json\/wp\/v2\/types\/post"}],"author":[{"embeddable":true,"href":"https:\/\/www.rivera.gub.uy\/medioambiente\/wp-json\/wp\/v2\/users\/2"}],"replies":[{"embeddable":true,"href":"https:\/\/www.rivera.gub.uy\/medioambiente\/wp-json\/wp\/v2\/comments?post=1200"}],"version-history":[{"count":1,"href":"https:\/\/www.rivera.gub.uy\/medioambiente\/wp-json\/wp\/v2\/posts\/1200\/revisions"}],"predecessor-version":[{"id":1204,"href":"https:\/\/www.rivera.gub.uy\/medioambiente\/wp-json\/wp\/v2\/posts\/1200\/revisions\/1204"}],"wp:featuredmedia":[{"embeddable":true,"href":"https:\/\/www.rivera.gub.uy\/medioambiente\/wp-json\/wp\/v2\/media\/1201"}],"wp:attachment":[{"href":"https:\/\/www.rivera.gub.uy\/medioambiente\/wp-json\/wp\/v2\/media?parent=1200"}],"wp:term":[{"taxonomy":"category","embeddable":true,"href":"https:\/\/www.rivera.gub.uy\/medioambiente\/wp-json\/wp\/v2\/categories?post=1200"},{"taxonomy":"post_tag","embeddable":true,"href":"https:\/\/www.rivera.gub.uy\/medioambiente\/wp-json\/wp\/v2\/tags?post=1200"}],"curies":[{"name":"wp","href":"https:\/\/api.w.org\/{rel}","templated":true}]}}