{"id":1205,"date":"2018-06-25T13:20:31","date_gmt":"2018-06-25T13:20:31","guid":{"rendered":"http:\/\/www.rivera.gub.uy\/medioambiente\/?p=1205"},"modified":"2018-06-25T13:20:31","modified_gmt":"2018-06-25T13:20:31","slug":"curso-de-calibracion-de-pulverizadoras","status":"publish","type":"post","link":"https:\/\/www.rivera.gub.uy\/medioambiente\/curso-de-calibracion-de-pulverizadoras\/","title":{"rendered":"Curso de \u00abCalibraci\u00f3n de Pulverizadoras\u00bb"},"content":{"rendered":"<p>La Divisi\u00f3n de Desarrollo Rural de la Intendencia Departamental de Rivera y la Facultad de Agronom\u00eda de la UdelaR, invitan a los productores y p\u00fablico en general al curso de \u00ab<strong>Calibraci\u00f3n de Pulverizadoras\u00bb<\/strong> (aspersoras, mochilas).<!--more--><\/p>\n<p>Dicho curso tendr\u00e1 lugar el pr\u00f3ximo martes 26 de junio, de 9:00 a 12:00, en el predio del Polo de Desarrollo Agropecuario (ex Abasto Municipal). El mismo\u00a0es sin costo y no requiere inscripci\u00f3n previa.<\/p>\n<p>Por mayor informaci\u00f3n dirigirse al 462 31900 interno 180.<\/p>\n","protected":false},"excerpt":{"rendered":"<p>La Divisi\u00f3n de Desarrollo Rural de la Intendencia Departamental de Rivera y la Facultad de Agronom\u00eda de la UdelaR, invitan a los productores y p\u00fablico en general al curso de \u00abCalibraci\u00f3n de Pulverizadoras\u00bb (aspersoras, mochilas).<\/p>\n","protected":false},"author":2,"featured_media":1206,"comment_status":"open","ping_status":"open","sticky":false,"template":"","format":"standard","meta":{"footnotes":""},"categories":[1],"tags":[40,20,57,16,71,17,18],"_links":{"self":[{"href":"https:\/\/www.rivera.gub.uy\/medioambiente\/wp-json\/wp\/v2\/posts\/1205"}],"collection":[{"href":"https:\/\/www.rivera.gub.uy\/medioambiente\/wp-json\/wp\/v2\/posts"}],"about":[{"href":"https:\/\/www.rivera.gub.uy\/medioambiente\/wp-json\/wp\/v2\/types\/post"}],"author":[{"embeddable":true,"href":"https:\/\/www.rivera.gub.uy\/medioambiente\/wp-json\/wp\/v2\/users\/2"}],"replies":[{"embeddable":true,"href":"https:\/\/www.rivera.gub.uy\/medioambiente\/wp-json\/wp\/v2\/comments?post=1205"}],"version-history":[{"count":1,"href":"https:\/\/www.rivera.gub.uy\/medioambiente\/wp-json\/wp\/v2\/posts\/1205\/revisions"}],"predecessor-version":[{"id":1207,"href":"https:\/\/www.rivera.gub.uy\/medioambiente\/wp-json\/wp\/v2\/posts\/1205\/revisions\/1207"}],"wp:featuredmedia":[{"embeddable":true,"href":"https:\/\/www.rivera.gub.uy\/medioambiente\/wp-json\/wp\/v2\/media\/1206"}],"wp:attachment":[{"href":"https:\/\/www.rivera.gub.uy\/medioambiente\/wp-json\/wp\/v2\/media?parent=1205"}],"wp:term":[{"taxonomy":"category","embeddable":true,"href":"https:\/\/www.rivera.gub.uy\/medioambiente\/wp-json\/wp\/v2\/categories?post=1205"},{"taxonomy":"post_tag","embeddable":true,"href":"https:\/\/www.rivera.gub.uy\/medioambiente\/wp-json\/wp\/v2\/tags?post=1205"}],"curies":[{"name":"wp","href":"https:\/\/api.w.org\/{rel}","templated":true}]}}