{"id":1208,"date":"2018-06-25T13:28:26","date_gmt":"2018-06-25T13:28:26","guid":{"rendered":"http:\/\/www.rivera.gub.uy\/medioambiente\/?p=1208"},"modified":"2018-06-25T13:28:26","modified_gmt":"2018-06-25T13:28:26","slug":"el-proyecto-trazando-rumbos-realiza-otra-jornada-del-formate-aqui","status":"publish","type":"post","link":"https:\/\/www.rivera.gub.uy\/medioambiente\/el-proyecto-trazando-rumbos-realiza-otra-jornada-del-formate-aqui\/","title":{"rendered":"El proyecto Trazando Rumbos realiza otra jornada del \u201cFORMATE AQU\u00cd\u201d"},"content":{"rendered":"<p>Apostando a la formaci\u00f3n de nuestros j\u00f3venes rurales<\/p>\n<p>El proyecto Trazando Rumbos impulsado por la Direcci\u00f3n General de Desarrollo y Medio Ambiente (IDR) y el Programa Uruguay M\u00e1s Cerca (OPP) realiz\u00f3 una nueva edici\u00f3n del <strong>F\u00f3rmate Aqu\u00ed<\/strong> el pasado jueves 21 de junio. <!--more--><br \/>\nEn esta edici\u00f3n se realizaron visitas guiadas por el Polo Educativo Superior (CETP), la UTU, el IFSUL y Centro Universitario de Rivera (UDELAR) en donde docentes de cada centro expusieron sus alternativas de formaci\u00f3n.<\/p>\n<p>En esta oportunidad, estudiantes del liceo Rural de Cerro Pelado han visitado diversos centros educativos de Formaci\u00f3n Terciaria de Rivera y Livramento, donde se les ofreci\u00f3 informaci\u00f3n sobre las alternativas educativas.<\/p>\n<p>El Liceo Comunitario Rural \u201cPedro Riera\u201d est\u00e1 ubicado en la Localidad de Cerro Pelado a 70 km de la ciudad de Rivera, cuenta con una poblaci\u00f3n de m\u00e1s de un centenar de estudiantes provenientes de diversas localidades y parajes del interior profundo del departamento de Rivera.<\/p>\n<p>Los j\u00f3venes que concurren a este centro cursan ciclo b\u00e1sico y primer a\u00f1o de Bachillerato, el cual una vez aprobado deben migrar para culminar sus estudios.<\/p>\n<p>Sumado a la recorrida de los centros educativos se visit\u00f3 el Hogar Estudiantil de Rivera, all\u00ed funcionarios y residentes del presentaron las instalaciones e informaron sobre los requisitos de ingresos y el sistema de becas.<\/p>\n<p>Desde el proyecto Trazando Rumbos se agradece a docentes, funcionarios y alumnos de los centros educativos visitados por la atenci\u00f3n y esfuerzo realizado para que esta segunda jornada tambi\u00e9n haya sido un \u00e9xito.<\/p>\n<div id='gallery-1' class='gallery galleryid-1208 gallery-columns-3 gallery-size-thumbnail'><figure class='gallery-item'>\n\t\t\t<div class='gallery-icon landscape'>\n\t\t\t\t<a href='https:\/\/www.rivera.gub.uy\/medioambiente\/wp-content\/uploads\/2018\/06\/1.jpg'><img loading=\"lazy\" decoding=\"async\" width=\"150\" height=\"150\" src=\"https:\/\/www.rivera.gub.uy\/medioambiente\/wp-content\/uploads\/2018\/06\/1-150x150.jpg\" class=\"attachment-thumbnail size-thumbnail\" alt=\"\" \/><\/a>\n\t\t\t<\/div><\/figure><figure class='gallery-item'>\n\t\t\t<div class='gallery-icon landscape'>\n\t\t\t\t<a href='https:\/\/www.rivera.gub.uy\/medioambiente\/wp-content\/uploads\/2018\/06\/2.jpg'><img loading=\"lazy\" decoding=\"async\" width=\"150\" height=\"150\" src=\"https:\/\/www.rivera.gub.uy\/medioambiente\/wp-content\/uploads\/2018\/06\/2-150x150.jpg\" class=\"attachment-thumbnail size-thumbnail\" alt=\"\" \/><\/a>\n\t\t\t<\/div><\/figure><figure class='gallery-item'>\n\t\t\t<div class='gallery-icon landscape'>\n\t\t\t\t<a href='https:\/\/www.rivera.gub.uy\/medioambiente\/wp-content\/uploads\/2018\/06\/3.jpg'><img loading=\"lazy\" decoding=\"async\" width=\"150\" height=\"150\" src=\"https:\/\/www.rivera.gub.uy\/medioambiente\/wp-content\/uploads\/2018\/06\/3-150x150.jpg\" class=\"attachment-thumbnail size-thumbnail\" alt=\"\" \/><\/a>\n\t\t\t<\/div><\/figure>\n\t\t<\/div>\n\n","protected":false},"excerpt":{"rendered":"<p>Apostando a la formaci\u00f3n de nuestros j\u00f3venes rurales El proyecto Trazando Rumbos impulsado por la Direcci\u00f3n General de Desarrollo y Medio Ambiente (IDR) y el Programa Uruguay M\u00e1s Cerca (OPP) realiz\u00f3 una nueva edici\u00f3n del F\u00f3rmate Aqu\u00ed el pasado jueves 21 de junio.<\/p>\n","protected":false},"author":2,"featured_media":1209,"comment_status":"open","ping_status":"open","sticky":false,"template":"","format":"standard","meta":{"footnotes":""},"categories":[1],"tags":[57,69,16,17,30],"_links":{"self":[{"href":"https:\/\/www.rivera.gub.uy\/medioambiente\/wp-json\/wp\/v2\/posts\/1208"}],"collection":[{"href":"https:\/\/www.rivera.gub.uy\/medioambiente\/wp-json\/wp\/v2\/posts"}],"about":[{"href":"https:\/\/www.rivera.gub.uy\/medioambiente\/wp-json\/wp\/v2\/types\/post"}],"author":[{"embeddable":true,"href":"https:\/\/www.rivera.gub.uy\/medioambiente\/wp-json\/wp\/v2\/users\/2"}],"replies":[{"embeddable":true,"href":"https:\/\/www.rivera.gub.uy\/medioambiente\/wp-json\/wp\/v2\/comments?post=1208"}],"version-history":[{"count":1,"href":"https:\/\/www.rivera.gub.uy\/medioambiente\/wp-json\/wp\/v2\/posts\/1208\/revisions"}],"predecessor-version":[{"id":1212,"href":"https:\/\/www.rivera.gub.uy\/medioambiente\/wp-json\/wp\/v2\/posts\/1208\/revisions\/1212"}],"wp:featuredmedia":[{"embeddable":true,"href":"https:\/\/www.rivera.gub.uy\/medioambiente\/wp-json\/wp\/v2\/media\/1209"}],"wp:attachment":[{"href":"https:\/\/www.rivera.gub.uy\/medioambiente\/wp-json\/wp\/v2\/media?parent=1208"}],"wp:term":[{"taxonomy":"category","embeddable":true,"href":"https:\/\/www.rivera.gub.uy\/medioambiente\/wp-json\/wp\/v2\/categories?post=1208"},{"taxonomy":"post_tag","embeddable":true,"href":"https:\/\/www.rivera.gub.uy\/medioambiente\/wp-json\/wp\/v2\/tags?post=1208"}],"curies":[{"name":"wp","href":"https:\/\/api.w.org\/{rel}","templated":true}]}}