{"id":1215,"date":"2018-07-02T12:49:32","date_gmt":"2018-07-02T12:49:32","guid":{"rendered":"http:\/\/www.rivera.gub.uy\/medioambiente\/?p=1215"},"modified":"2018-07-02T12:49:35","modified_gmt":"2018-07-02T12:49:35","slug":"el-proyecto-negocios-inclusivos-de-la-dgdma-sigue-a-paso-firme","status":"publish","type":"post","link":"https:\/\/www.rivera.gub.uy\/medioambiente\/el-proyecto-negocios-inclusivos-de-la-dgdma-sigue-a-paso-firme\/","title":{"rendered":"El proyecto Negocios inclusivos de la DGDMA sigue a paso firme \u2026"},"content":{"rendered":"<p>El Proyecto \u00abNegocios\u00a0Inclusivos\u00bb ejecutado conjuntamente la Direcci\u00f3n General de Desarrollo y Medio Ambiente de la Intendencia Departamental de Rivera (IDR) y FUNDASOL con el apoyo financiero de la Agencia Nacional de Desarrollo (ANDE) viene dando pasos firmes para fortalecer algunos sectores productivos del departamento. El equipo de la IDR constituido por los t\u00e9cnicos Alvaro Pereira, Enrique Puentes y Susana Santana junto a los t\u00e9cnicos de FUNDASOL viene trabajando con dedicaci\u00f3n por el desarrollo de estos sectores productivos.<br \/>\n<!--more--><br \/>\n<strong>Carboneros<br \/>\n<\/strong><br \/>\nEl grupo de productores de carb\u00f3n apoyado por el proyecto ha avanzado en aspectos productivos y comerciales. En estos meses se han dado pasos importantes como la formalizaci\u00f3n de la empresa, la generaci\u00f3n de una logo marca, la adquisici\u00f3n de un importante volumen de materia prima y la adquisici\u00f3n de bolsas con su logo (packing) las cuales ser\u00e1n un hito para dicho grupo cuando ingresen al mercado local. El grupo ha visto crecer sus ventas mes a mes y espera poder a final de este a\u00f1o estar entablando negociaciones con las grandes superficies de nuestra ciudad.<\/p>\n<p><strong>Ladrilleros<br \/>\n<\/strong><br \/>\nDe la misma forma, el grupo de ladrilleros se ha constituido bajo el nombre \u201cLadrilleros Unidos de Rivera\u201d (LUDER) y viene avanzando en la constituci\u00f3n de su propia logo marca, la cual en la pr\u00f3xima semana estar\u00e1 disponible. Mientras tanto, con el apoyo del Cr. Antonio Bianchimano de FUNDSASOL, se vienen abordando aspectos de la estrategia de comercializaci\u00f3n donde se destaca el c\u00e1lculo por parte de cada productor de sus costos de producci\u00f3n y la construcci\u00f3n de una estrategia de marketing grupal enfocada en la generaci\u00f3n de un producto de calidad y que es producido de forma amigable con el medio ambiente.<\/p>\n<p><strong>Modistas<br \/>\n<\/strong><br \/>\nEl grupo de modista en la actualidad est\u00e1 abocada a la confecci\u00f3n de chalecos de invierno para la Unidad de Recursos Log\u00edsticos y Tecnol\u00f3gicos de la propia IDR. En esta oportunidad se estar\u00e1n entregando 45 chalecos en el mes de Julio, los que se suman a los 110 uniformes ya entregados en el primer trimestre de 2018. El grupo est\u00e1 conformado por modistas que realizaban su trabajo de forma individual y solitaria, las cuales mediante el proyecto han tenido la oportunidad de acceder a nuevas ofertas laborales.<\/p>\n<div id='gallery-1' class='gallery galleryid-1215 gallery-columns-2 gallery-size-thumbnail'><figure class='gallery-item'>\n\t\t\t<div class='gallery-icon landscape'>\n\t\t\t\t<a href='https:\/\/www.rivera.gub.uy\/medioambiente\/wp-content\/uploads\/2018\/07\/1.jpg'><img loading=\"lazy\" decoding=\"async\" width=\"150\" height=\"150\" src=\"https:\/\/www.rivera.gub.uy\/medioambiente\/wp-content\/uploads\/2018\/07\/1-150x150.jpg\" class=\"attachment-thumbnail size-thumbnail\" alt=\"\" \/><\/a>\n\t\t\t<\/div><\/figure><figure class='gallery-item'>\n\t\t\t<div class='gallery-icon portrait'>\n\t\t\t\t<a href='https:\/\/www.rivera.gub.uy\/medioambiente\/wp-content\/uploads\/2018\/07\/2.jpg'><img loading=\"lazy\" decoding=\"async\" width=\"150\" height=\"150\" src=\"https:\/\/www.rivera.gub.uy\/medioambiente\/wp-content\/uploads\/2018\/07\/2-150x150.jpg\" class=\"attachment-thumbnail size-thumbnail\" alt=\"\" \/><\/a>\n\t\t\t<\/div><\/figure>\n\t\t<\/div>\n\n","protected":false},"excerpt":{"rendered":"<p>El Proyecto \u00abNegocios\u00a0Inclusivos\u00bb ejecutado conjuntamente la Direcci\u00f3n General de Desarrollo y Medio Ambiente de la Intendencia Departamental de Rivera (IDR) y FUNDASOL con el apoyo financiero de la Agencia Nacional de Desarrollo (ANDE) viene dando pasos firmes para fortalecer algunos sectores productivos del departamento. El equipo de la IDR constituido por los t\u00e9cnicos Alvaro Pereira, [&hellip;]<\/p>\n","protected":false},"author":2,"featured_media":1216,"comment_status":"open","ping_status":"open","sticky":false,"template":"","format":"standard","meta":{"footnotes":""},"categories":[1],"tags":[74,57,16,72,73,17],"_links":{"self":[{"href":"https:\/\/www.rivera.gub.uy\/medioambiente\/wp-json\/wp\/v2\/posts\/1215"}],"collection":[{"href":"https:\/\/www.rivera.gub.uy\/medioambiente\/wp-json\/wp\/v2\/posts"}],"about":[{"href":"https:\/\/www.rivera.gub.uy\/medioambiente\/wp-json\/wp\/v2\/types\/post"}],"author":[{"embeddable":true,"href":"https:\/\/www.rivera.gub.uy\/medioambiente\/wp-json\/wp\/v2\/users\/2"}],"replies":[{"embeddable":true,"href":"https:\/\/www.rivera.gub.uy\/medioambiente\/wp-json\/wp\/v2\/comments?post=1215"}],"version-history":[{"count":1,"href":"https:\/\/www.rivera.gub.uy\/medioambiente\/wp-json\/wp\/v2\/posts\/1215\/revisions"}],"predecessor-version":[{"id":1218,"href":"https:\/\/www.rivera.gub.uy\/medioambiente\/wp-json\/wp\/v2\/posts\/1215\/revisions\/1218"}],"wp:featuredmedia":[{"embeddable":true,"href":"https:\/\/www.rivera.gub.uy\/medioambiente\/wp-json\/wp\/v2\/media\/1216"}],"wp:attachment":[{"href":"https:\/\/www.rivera.gub.uy\/medioambiente\/wp-json\/wp\/v2\/media?parent=1215"}],"wp:term":[{"taxonomy":"category","embeddable":true,"href":"https:\/\/www.rivera.gub.uy\/medioambiente\/wp-json\/wp\/v2\/categories?post=1215"},{"taxonomy":"post_tag","embeddable":true,"href":"https:\/\/www.rivera.gub.uy\/medioambiente\/wp-json\/wp\/v2\/tags?post=1215"}],"curies":[{"name":"wp","href":"https:\/\/api.w.org\/{rel}","templated":true}]}}