{"id":1230,"date":"2018-07-02T15:05:13","date_gmt":"2018-07-02T15:05:13","guid":{"rendered":"http:\/\/www.rivera.gub.uy\/medioambiente\/?p=1230"},"modified":"2018-07-02T15:05:13","modified_gmt":"2018-07-02T15:05:13","slug":"empresarios-de-la-madera-buscan-soluciones-para-problematicas-en-comun","status":"publish","type":"post","link":"https:\/\/www.rivera.gub.uy\/medioambiente\/empresarios-de-la-madera-buscan-soluciones-para-problematicas-en-comun\/","title":{"rendered":"Empresarios de la madera buscan soluciones para problem\u00e1ticas en com\u00fan"},"content":{"rendered":"<p>Los emprendedores de peque\u00f1os aserraderos del departamento de Rivera est\u00e1n generalmente repletos de dificultades para administrar los negocios bajo una estrategia rentable y sostenible. En el marco de los objetivos de la Red de Desarrollo Maderero de Rivera (Redema), los t\u00e9cnicos de las instituciones que integran dicha Red apoyan a los peque\u00f1os empresarios, aportandoles conocimiento, capacidad de gesti\u00f3n y contactos. Los primeros resultados ya se pueden cuantificar. Luego de dos reuniones mensuales con emprendedores de aserraderos de las ciudades de Rivera y Tranqueras, se vienen logrando alcanzar los primeros objetivos propuestos por el proyecto.<\/p>\n<p>\u201cCon estas reuniones entre instituciones y emprendedores de la madera, se propone vincular a empresarios, en formato de reuniones coordinadas por un facilitador,con una periodicidad mensual. A trav\u00e9s de estos encuentros, se busca alcanzar objetivos concretos que al emprendedor le permitan tomar decisiones para su negocio y prepararse para crecer.\u201d , destaca el Coordinador de Desarrollo de la Unidad de Desarrollo de la Intendencia Departamental de Rivera, Lic. Santiago A. Esteves.<!--more--><\/p>\n<p><strong>Reuniones mensuales proponen la reflexi\u00f3n en grupo<\/strong><\/p>\n<p>La tercera reuni\u00f3n con emprendedores de Rivera en el \u00e1rea de aserrado de la madera, tuvo lugar el d\u00eda 1 de junio en el Sal\u00f3n de Actos de la Intendencia. Estuvieron presentes Pablo Raimonda (ANEP- Udelar), Barbara Henderson (IDR), Pablo Sommer (OPP), Blanca Montejo (MIEM), Paola Serrentino (IDR-REDEMA), Anthony Venini (IDR-REDEMA), Ang\u00e9lica Segu\u00ed (IDR- REDEMA), Rafael Cers\u00f3simo (CCE), Diego Guadalupe (Batov\u00ed), Juan Carlos Sanguin\u00e9 (Galleta), Daniel Bay\u00f3n (Canela) y Oscar Rivera (Aserradero, Picada de Mora).<\/p>\n<p>El d\u00eda 22 de junio los emprendedores de la ciudad de Tranqueras realizaron la segunda reuni\u00f3n de integraci\u00f3n de Redema. La reuni\u00f3n fue positiva en cuanto al nivel de participaci\u00f3n de los empresarios, mostrando inter\u00e9s y planteando inquietudes, fortaleciendo el lazo de la red p\u00fablico\/ privado. Participaron de dicho encuentro Anthony Venini (REDEMA), Blanca Montejo (MIEM), Eduardo Marquez (Lubel Madera), Alejandro Ayres (Progreso), Jennifer Pu\u00f1ales (Aserradero Tranqueras), M\u00f3nica P\u00e9rez (Aserradero Tranqueras), Jos\u00e9 Carlos Da Silva.<\/p>\n<p>La Ing. Agr. Paola Serrentino, Gerenta Ejecutora de Redema, realiz\u00f3 la apertura del taller, presentando a integrantes de instituciones a los emprendedores de Tranqueras.<\/p>\n<p>\u201cPor primera vez salgo de una reuni\u00f3n con posibilidades reales de que algo pase. Siempre se habla mucho y no pasa nada. Despu\u00e9s de esta \u00faltima reuni\u00f3n creo que Redema nos va a ayudar a poder comprar buena materia prima y a crecer\u201d afirm\u00f3 Alejandro Ayres, empresario de un peque\u00f1o aserradero de la ciudad de Tranqueras.<\/p>\n<p>En las dos reuniones se presentaron avances del proyecto, se realiz\u00f3 un taller de concientizaci\u00f3n en seguridad laboral y se presentaron herramientas de financiamiento del Ministerio de Industrias, Energ\u00eda y Miner\u00eda (MIEM).<\/p>\n<p>El Ing.Quim. Pablo Raimonda (ANEP-UDELAR) expuso una presentaci\u00f3n de sensibilizaci\u00f3n en seguridad laboral y leyes laborales. Invit\u00f3 a pensar a los integrantes de la reuni\u00f3n sobre incidentes laborales con ejemplos, logrando despertar inter\u00e9s a los empresarios presentes.<\/p>\n<p>La Ing. Agr. Blanca Montejo present\u00f3 herramientas de financiamiento del Ministerio de Industrias, Energ\u00eda y Miner\u00eda (MIEM). Los participantes se mostraron interesados, logrando pactar futuras reuniones para profundizar en alternativas financieras.<\/p>\n<p>\u201cLos representantes de instituciones que conforman la Red lograron el compromiso por parte de los emprendedores, los cuales se llevaron tareas en conjunto para la soluci\u00f3n de problem\u00e1ticas en com\u00fan. Como resumen del encuentro, los empresarios se fueron motivados y con ganas de seguir trabajando con REDEMA\u201d, afirm\u00f3 Anthony Venini, Secret\u00e1rio T\u00e9cnico de la Red.<\/p>\n<div id='gallery-1' class='gallery galleryid-1230 gallery-columns-4 gallery-size-thumbnail'><figure class='gallery-item'>\n\t\t\t<div class='gallery-icon landscape'>\n\t\t\t\t<a href='https:\/\/www.rivera.gub.uy\/medioambiente\/wp-content\/uploads\/2018\/07\/IMG_6942.jpg'><img loading=\"lazy\" decoding=\"async\" width=\"150\" height=\"150\" src=\"https:\/\/www.rivera.gub.uy\/medioambiente\/wp-content\/uploads\/2018\/07\/IMG_6942-150x150.jpg\" class=\"attachment-thumbnail size-thumbnail\" alt=\"\" \/><\/a>\n\t\t\t<\/div><\/figure><figure class='gallery-item'>\n\t\t\t<div class='gallery-icon landscape'>\n\t\t\t\t<a href='https:\/\/www.rivera.gub.uy\/medioambiente\/wp-content\/uploads\/2018\/07\/IMG_6948.jpg'><img loading=\"lazy\" decoding=\"async\" width=\"150\" height=\"150\" src=\"https:\/\/www.rivera.gub.uy\/medioambiente\/wp-content\/uploads\/2018\/07\/IMG_6948-150x150.jpg\" class=\"attachment-thumbnail size-thumbnail\" alt=\"\" \/><\/a>\n\t\t\t<\/div><\/figure><figure class='gallery-item'>\n\t\t\t<div class='gallery-icon landscape'>\n\t\t\t\t<a href='https:\/\/www.rivera.gub.uy\/medioambiente\/wp-content\/uploads\/2018\/07\/IMG_6949.jpg'><img loading=\"lazy\" decoding=\"async\" width=\"150\" height=\"150\" src=\"https:\/\/www.rivera.gub.uy\/medioambiente\/wp-content\/uploads\/2018\/07\/IMG_6949-150x150.jpg\" class=\"attachment-thumbnail size-thumbnail\" alt=\"\" \/><\/a>\n\t\t\t<\/div><\/figure><figure class='gallery-item'>\n\t\t\t<div class='gallery-icon landscape'>\n\t\t\t\t<a href='https:\/\/www.rivera.gub.uy\/medioambiente\/wp-content\/uploads\/2018\/07\/IMG_6952.jpg'><img loading=\"lazy\" decoding=\"async\" width=\"150\" height=\"150\" src=\"https:\/\/www.rivera.gub.uy\/medioambiente\/wp-content\/uploads\/2018\/07\/IMG_6952-150x150.jpg\" class=\"attachment-thumbnail size-thumbnail\" alt=\"\" \/><\/a>\n\t\t\t<\/div><\/figure><figure class='gallery-item'>\n\t\t\t<div class='gallery-icon landscape'>\n\t\t\t\t<a href='https:\/\/www.rivera.gub.uy\/medioambiente\/wp-content\/uploads\/2018\/07\/IMG_7021.jpg'><img loading=\"lazy\" decoding=\"async\" width=\"150\" height=\"150\" src=\"https:\/\/www.rivera.gub.uy\/medioambiente\/wp-content\/uploads\/2018\/07\/IMG_7021-150x150.jpg\" class=\"attachment-thumbnail size-thumbnail\" alt=\"\" \/><\/a>\n\t\t\t<\/div><\/figure><figure class='gallery-item'>\n\t\t\t<div class='gallery-icon landscape'>\n\t\t\t\t<a href='https:\/\/www.rivera.gub.uy\/medioambiente\/wp-content\/uploads\/2018\/07\/IMG_7025.jpg'><img loading=\"lazy\" decoding=\"async\" width=\"150\" height=\"150\" src=\"https:\/\/www.rivera.gub.uy\/medioambiente\/wp-content\/uploads\/2018\/07\/IMG_7025-150x150.jpg\" class=\"attachment-thumbnail size-thumbnail\" alt=\"\" \/><\/a>\n\t\t\t<\/div><\/figure><figure class='gallery-item'>\n\t\t\t<div class='gallery-icon landscape'>\n\t\t\t\t<a href='https:\/\/www.rivera.gub.uy\/medioambiente\/wp-content\/uploads\/2018\/07\/IMG_7027.jpg'><img loading=\"lazy\" decoding=\"async\" width=\"150\" height=\"150\" src=\"https:\/\/www.rivera.gub.uy\/medioambiente\/wp-content\/uploads\/2018\/07\/IMG_7027-150x150.jpg\" class=\"attachment-thumbnail size-thumbnail\" alt=\"\" \/><\/a>\n\t\t\t<\/div><\/figure><figure class='gallery-item'>\n\t\t\t<div class='gallery-icon landscape'>\n\t\t\t\t<a href='https:\/\/www.rivera.gub.uy\/medioambiente\/wp-content\/uploads\/2018\/07\/IMG_7032.jpg'><img loading=\"lazy\" decoding=\"async\" width=\"150\" height=\"150\" src=\"https:\/\/www.rivera.gub.uy\/medioambiente\/wp-content\/uploads\/2018\/07\/IMG_7032-150x150.jpg\" class=\"attachment-thumbnail size-thumbnail\" alt=\"\" \/><\/a>\n\t\t\t<\/div><\/figure>\n\t\t<\/div>\n\n<p>&nbsp;<\/p>\n<p><a href=\"http:\/\/www.rivera.gub.uy\/medioambiente\/estrategias\/desarrollo-empresarial\/redema\/\" target=\"_blank\" rel=\"noopener\">REDEMA<\/a><\/p>\n<p>La <strong>Red de Desarrollo Maderero de Rivera<\/strong> (REDEMA) es una Red creada a partir del proyecto <strong>Desarrollo y fortalecimiento de la cadena de valor del sector Maderero de Rivera, con \u00e9nfasis en la mejora de la productividad, de la competitividad y de la calidad del empleo<\/strong>, presentado por la Intendencia Departamental de Rivera (IDR) al llamado a Proyectos para el Fomento de la Competitividad Territorial, dise\u00f1ado y ejecutado en forma conjunta entre el Programa Uruguay M\u00e1s Cerca de la Direcci\u00f3n de Descentralizaci\u00f3n e Inversi\u00f3n P\u00fablica de la Oficina de Planeamiento y Presupuesto y la Agencia Nacional de Desarrollo (ANDE).<\/p>\n<p>REDEMA est\u00e1 conformada por distintos actores, entre ellos la Intendencia Departamental de Rivera (IDR), el Ministerio de Industria, Energ\u00eda y Miner\u00eda (MIEM), la Administraci\u00f3n Nacional de Educaci\u00f3n P\u00fablica y la Universidad de la Rep\u00fablica (ANEP-UdelaR) a trav\u00e9s del Tecn\u00f3logo en Madera, el Centro de Extensionismo Industrial (CEI), el Centro Latinoamericano de Econom\u00eda Humana (Claeh) y el sector privado compuesto por aserraderos de Rivera.<\/p>\n<p>\u201cEl proyecto Desarrollo y fortalecimiento de la cadena de valor del sector Maderero de Rivera, con \u00e9nfasis en la mejora de la productividad, de la competitividad y de la calidad del empleo est\u00e1 impulsado por la Agencia Nacional de Desarrollo, ANDE y el Programa Uruguay M\u00e1s Cerca de OPP en el marco del Programa de Fomento de la Competitividad Territorial.<\/p>\n","protected":false},"excerpt":{"rendered":"<p>Los emprendedores de peque\u00f1os aserraderos del departamento de Rivera est\u00e1n generalmente repletos de dificultades para administrar los negocios bajo una estrategia rentable y sostenible. En el marco de los objetivos de la Red de Desarrollo Maderero de Rivera (Redema), los t\u00e9cnicos de las instituciones que integran dicha Red apoyan a los peque\u00f1os empresarios, aportandoles conocimiento, [&hellip;]<\/p>\n","protected":false},"author":2,"featured_media":1232,"comment_status":"open","ping_status":"open","sticky":false,"template":"","format":"standard","meta":{"footnotes":""},"categories":[1],"tags":[57,16,55,17],"_links":{"self":[{"href":"https:\/\/www.rivera.gub.uy\/medioambiente\/wp-json\/wp\/v2\/posts\/1230"}],"collection":[{"href":"https:\/\/www.rivera.gub.uy\/medioambiente\/wp-json\/wp\/v2\/posts"}],"about":[{"href":"https:\/\/www.rivera.gub.uy\/medioambiente\/wp-json\/wp\/v2\/types\/post"}],"author":[{"embeddable":true,"href":"https:\/\/www.rivera.gub.uy\/medioambiente\/wp-json\/wp\/v2\/users\/2"}],"replies":[{"embeddable":true,"href":"https:\/\/www.rivera.gub.uy\/medioambiente\/wp-json\/wp\/v2\/comments?post=1230"}],"version-history":[{"count":1,"href":"https:\/\/www.rivera.gub.uy\/medioambiente\/wp-json\/wp\/v2\/posts\/1230\/revisions"}],"predecessor-version":[{"id":1239,"href":"https:\/\/www.rivera.gub.uy\/medioambiente\/wp-json\/wp\/v2\/posts\/1230\/revisions\/1239"}],"wp:featuredmedia":[{"embeddable":true,"href":"https:\/\/www.rivera.gub.uy\/medioambiente\/wp-json\/wp\/v2\/media\/1232"}],"wp:attachment":[{"href":"https:\/\/www.rivera.gub.uy\/medioambiente\/wp-json\/wp\/v2\/media?parent=1230"}],"wp:term":[{"taxonomy":"category","embeddable":true,"href":"https:\/\/www.rivera.gub.uy\/medioambiente\/wp-json\/wp\/v2\/categories?post=1230"},{"taxonomy":"post_tag","embeddable":true,"href":"https:\/\/www.rivera.gub.uy\/medioambiente\/wp-json\/wp\/v2\/tags?post=1230"}],"curies":[{"name":"wp","href":"https:\/\/api.w.org\/{rel}","templated":true}]}}