{"id":1240,"date":"2018-07-05T14:14:04","date_gmt":"2018-07-05T14:14:04","guid":{"rendered":"http:\/\/www.rivera.gub.uy\/medioambiente\/?p=1240"},"modified":"2018-07-06T13:50:51","modified_gmt":"2018-07-06T13:50:51","slug":"julio-mes-de-la-afrodescendencia","status":"publish","type":"post","link":"https:\/\/www.rivera.gub.uy\/medioambiente\/julio-mes-de-la-afrodescendencia\/","title":{"rendered":"Julio: mes de la afrodescendencia"},"content":{"rendered":"<p>Julio es el mes de la afrodescendencia y en Rivera lo celebramos con eventos durante todo el mes.<\/p>\n<p>El lanzamiento de las actividades,\u00a0 a cargo de la oficina de Inclusi\u00f3n Social, tendr\u00e1 lugar el d\u00eda 10 de julio en la Sala de Conferencias de la IDR, a las 10 horas, y contar\u00e1 con la presencia del Intendente Marne Osorio.<\/p>\n<p><a href=\"http:\/\/www.rivera.gub.uy\/medioambiente\/wp-content\/uploads\/2018\/07\/Agenda-14x20-Mes-AFRO_10-1.png\"><img loading=\"lazy\" decoding=\"async\" class=\"aligncenter size-medium wp-image-1247\" src=\"http:\/\/www.rivera.gub.uy\/medioambiente\/wp-content\/uploads\/2018\/07\/Agenda-14x20-Mes-AFRO_10-1-210x300.png\" alt=\"\" width=\"210\" height=\"300\" srcset=\"https:\/\/www.rivera.gub.uy\/medioambiente\/wp-content\/uploads\/2018\/07\/Agenda-14x20-Mes-AFRO_10-1-210x300.png 210w, https:\/\/www.rivera.gub.uy\/medioambiente\/wp-content\/uploads\/2018\/07\/Agenda-14x20-Mes-AFRO_10-1-768x1097.png 768w, https:\/\/www.rivera.gub.uy\/medioambiente\/wp-content\/uploads\/2018\/07\/Agenda-14x20-Mes-AFRO_10-1-717x1024.png 717w, https:\/\/www.rivera.gub.uy\/medioambiente\/wp-content\/uploads\/2018\/07\/Agenda-14x20-Mes-AFRO_10-1-820x1171.png 820w, https:\/\/www.rivera.gub.uy\/medioambiente\/wp-content\/uploads\/2018\/07\/Agenda-14x20-Mes-AFRO_10-1.png 1654w\" sizes=\"(max-width: 210px) 100vw, 210px\" \/><\/a><\/p>\n<p>&nbsp;<\/p>\n<p>&nbsp;<\/p>\n<p>&nbsp;<\/p>\n","protected":false},"excerpt":{"rendered":"<p>Julio es el mes de la afrodescendencia y en Rivera lo celebramos con eventos durante todo el mes. El lanzamiento de las actividades,\u00a0 a cargo de la oficina de Inclusi\u00f3n Social, tendr\u00e1 lugar el d\u00eda 10 de julio en la Sala de Conferencias de la IDR, a las 10 horas, y contar\u00e1 con la presencia [&hellip;]<\/p>\n","protected":false},"author":2,"featured_media":1244,"comment_status":"open","ping_status":"open","sticky":false,"template":"","format":"standard","meta":{"footnotes":""},"categories":[1],"tags":[75,57,77,16,17,76],"_links":{"self":[{"href":"https:\/\/www.rivera.gub.uy\/medioambiente\/wp-json\/wp\/v2\/posts\/1240"}],"collection":[{"href":"https:\/\/www.rivera.gub.uy\/medioambiente\/wp-json\/wp\/v2\/posts"}],"about":[{"href":"https:\/\/www.rivera.gub.uy\/medioambiente\/wp-json\/wp\/v2\/types\/post"}],"author":[{"embeddable":true,"href":"https:\/\/www.rivera.gub.uy\/medioambiente\/wp-json\/wp\/v2\/users\/2"}],"replies":[{"embeddable":true,"href":"https:\/\/www.rivera.gub.uy\/medioambiente\/wp-json\/wp\/v2\/comments?post=1240"}],"version-history":[{"count":4,"href":"https:\/\/www.rivera.gub.uy\/medioambiente\/wp-json\/wp\/v2\/posts\/1240\/revisions"}],"predecessor-version":[{"id":1248,"href":"https:\/\/www.rivera.gub.uy\/medioambiente\/wp-json\/wp\/v2\/posts\/1240\/revisions\/1248"}],"wp:featuredmedia":[{"embeddable":true,"href":"https:\/\/www.rivera.gub.uy\/medioambiente\/wp-json\/wp\/v2\/media\/1244"}],"wp:attachment":[{"href":"https:\/\/www.rivera.gub.uy\/medioambiente\/wp-json\/wp\/v2\/media?parent=1240"}],"wp:term":[{"taxonomy":"category","embeddable":true,"href":"https:\/\/www.rivera.gub.uy\/medioambiente\/wp-json\/wp\/v2\/categories?post=1240"},{"taxonomy":"post_tag","embeddable":true,"href":"https:\/\/www.rivera.gub.uy\/medioambiente\/wp-json\/wp\/v2\/tags?post=1240"}],"curies":[{"name":"wp","href":"https:\/\/api.w.org\/{rel}","templated":true}]}}