{"id":1249,"date":"2018-07-09T12:23:11","date_gmt":"2018-07-09T12:23:11","guid":{"rendered":"http:\/\/www.rivera.gub.uy\/medioambiente\/?p=1249"},"modified":"2018-07-09T12:23:16","modified_gmt":"2018-07-09T12:23:16","slug":"edificio-comunal-alimentado-con-energia-solar-un-sueno-a-construir-entre-todos","status":"publish","type":"post","link":"https:\/\/www.rivera.gub.uy\/medioambiente\/edificio-comunal-alimentado-con-energia-solar-un-sueno-a-construir-entre-todos\/","title":{"rendered":"Edificio comunal alimentado con energ\u00eda solar: un sue\u00f1o a construir entre todos"},"content":{"rendered":"<p>La Direcci\u00f3n General de Desarrollo y Medio Ambiente (IDR), a trav\u00e9s de la Divisi\u00f3n Estrategias, viene analizando la posibilidad de instalar un sistema de generaci\u00f3n de energ\u00eda solar fotovoltaica (paneles solares), que pueda suplir parte del consumo energ\u00e9tico del edificio central de nuestra Intendencia.<!--more--><\/p>\n<p>El an\u00e1lisis de viabilidad del sistema viene siendo desarrollado por el estudiante Bruno Mart\u00ednez Machado de la tecnicatura en Sistemas de Energ\u00edas Renovables, del Instituto Federal Sul Rio Grandense (IFSUL) y se realiza dentro del convenio marco firmado entre la IDR y dicha instituci\u00f3n educativa, para el desarrollo de pasant\u00edas de sus estudiantes dentro de la comuna.<\/p>\n<p>El proyecto tiene como punto de partida estudios anteriores realizados por la propia IDR, con la finalidad de generar un edificio auto-sostenible desde el punto de vista energ\u00e9tico.<\/p>\n<p>Estos estudios incluyen desde una modernizaci\u00f3n de la actual red lum\u00ednica, aumentando as\u00ed su eficiencia energ\u00e9tica, hasta proyectos arquitect\u00f3nicos de localizaci\u00f3n de paneles solares en el techo comunal.<\/p>\n<p>Actualmente el edificio de la IDR presenta un consumo mensual promedio de 20.000 kw.h, el cual podr\u00eda ser cubierto en un 100% con la implantaci\u00f3n de las mejoras antes mencionadas.<\/p>\n<p>En caso de que este sue\u00f1o pudiera concretarse, la IDR estar\u00eda a la vanguardia de los gobiernos departamentales al poder contar con un edificio comunal auto-sostenible desde el punto de vista energ\u00e9tico.<\/p>\n<p>Adem\u00e1s de los beneficios econ\u00f3micos, se estar\u00eda utilizando una energ\u00eda limpia y renovable como la solar, la cual es amigable con el medio ambiente, y se estar\u00eda aportando al cumplimiento de los Objetivos de Desarrollo Sostenibles comprometidos por nuestro pa\u00eds en su Agenda 2030.<\/p>\n<div id='gallery-1' class='gallery galleryid-1249 gallery-columns-2 gallery-size-medium'><figure class='gallery-item'>\n\t\t\t<div class='gallery-icon landscape'>\n\t\t\t\t<a href='https:\/\/www.rivera.gub.uy\/medioambiente\/wp-content\/uploads\/2018\/07\/edificio-comunal-autosostenible-1.jpg'><img loading=\"lazy\" decoding=\"async\" width=\"300\" height=\"225\" src=\"https:\/\/www.rivera.gub.uy\/medioambiente\/wp-content\/uploads\/2018\/07\/edificio-comunal-autosostenible-1-300x225.jpg\" class=\"attachment-medium size-medium\" alt=\"\" srcset=\"https:\/\/www.rivera.gub.uy\/medioambiente\/wp-content\/uploads\/2018\/07\/edificio-comunal-autosostenible-1-300x225.jpg 300w, https:\/\/www.rivera.gub.uy\/medioambiente\/wp-content\/uploads\/2018\/07\/edificio-comunal-autosostenible-1-768x576.jpg 768w, https:\/\/www.rivera.gub.uy\/medioambiente\/wp-content\/uploads\/2018\/07\/edificio-comunal-autosostenible-1-1024x768.jpg 1024w, https:\/\/www.rivera.gub.uy\/medioambiente\/wp-content\/uploads\/2018\/07\/edificio-comunal-autosostenible-1-820x615.jpg 820w, https:\/\/www.rivera.gub.uy\/medioambiente\/wp-content\/uploads\/2018\/07\/edificio-comunal-autosostenible-1.jpg 1600w\" sizes=\"(max-width: 300px) 100vw, 300px\" \/><\/a>\n\t\t\t<\/div><\/figure><figure class='gallery-item'>\n\t\t\t<div class='gallery-icon landscape'>\n\t\t\t\t<a href='https:\/\/www.rivera.gub.uy\/medioambiente\/wp-content\/uploads\/2018\/07\/edificio-comunal-autosostenible-2.jpg'><img loading=\"lazy\" decoding=\"async\" width=\"300\" height=\"225\" src=\"https:\/\/www.rivera.gub.uy\/medioambiente\/wp-content\/uploads\/2018\/07\/edificio-comunal-autosostenible-2-300x225.jpg\" class=\"attachment-medium size-medium\" alt=\"\" srcset=\"https:\/\/www.rivera.gub.uy\/medioambiente\/wp-content\/uploads\/2018\/07\/edificio-comunal-autosostenible-2-300x225.jpg 300w, https:\/\/www.rivera.gub.uy\/medioambiente\/wp-content\/uploads\/2018\/07\/edificio-comunal-autosostenible-2-768x576.jpg 768w, https:\/\/www.rivera.gub.uy\/medioambiente\/wp-content\/uploads\/2018\/07\/edificio-comunal-autosostenible-2-1024x768.jpg 1024w, https:\/\/www.rivera.gub.uy\/medioambiente\/wp-content\/uploads\/2018\/07\/edificio-comunal-autosostenible-2-820x615.jpg 820w, https:\/\/www.rivera.gub.uy\/medioambiente\/wp-content\/uploads\/2018\/07\/edificio-comunal-autosostenible-2.jpg 1600w\" sizes=\"(max-width: 300px) 100vw, 300px\" \/><\/a>\n\t\t\t<\/div><\/figure>\n\t\t<\/div>\n\n","protected":false},"excerpt":{"rendered":"<p>La Direcci\u00f3n General de Desarrollo y Medio Ambiente (IDR), a trav\u00e9s de la Divisi\u00f3n Estrategias, viene analizando la posibilidad de instalar un sistema de generaci\u00f3n de energ\u00eda solar fotovoltaica (paneles solares), que pueda suplir parte del consumo energ\u00e9tico del edificio central de nuestra Intendencia.<\/p>\n","protected":false},"author":2,"featured_media":1251,"comment_status":"open","ping_status":"open","sticky":false,"template":"","format":"standard","meta":{"footnotes":""},"categories":[1],"tags":[57,78,80,79,16],"_links":{"self":[{"href":"https:\/\/www.rivera.gub.uy\/medioambiente\/wp-json\/wp\/v2\/posts\/1249"}],"collection":[{"href":"https:\/\/www.rivera.gub.uy\/medioambiente\/wp-json\/wp\/v2\/posts"}],"about":[{"href":"https:\/\/www.rivera.gub.uy\/medioambiente\/wp-json\/wp\/v2\/types\/post"}],"author":[{"embeddable":true,"href":"https:\/\/www.rivera.gub.uy\/medioambiente\/wp-json\/wp\/v2\/users\/2"}],"replies":[{"embeddable":true,"href":"https:\/\/www.rivera.gub.uy\/medioambiente\/wp-json\/wp\/v2\/comments?post=1249"}],"version-history":[{"count":1,"href":"https:\/\/www.rivera.gub.uy\/medioambiente\/wp-json\/wp\/v2\/posts\/1249\/revisions"}],"predecessor-version":[{"id":1252,"href":"https:\/\/www.rivera.gub.uy\/medioambiente\/wp-json\/wp\/v2\/posts\/1249\/revisions\/1252"}],"wp:featuredmedia":[{"embeddable":true,"href":"https:\/\/www.rivera.gub.uy\/medioambiente\/wp-json\/wp\/v2\/media\/1251"}],"wp:attachment":[{"href":"https:\/\/www.rivera.gub.uy\/medioambiente\/wp-json\/wp\/v2\/media?parent=1249"}],"wp:term":[{"taxonomy":"category","embeddable":true,"href":"https:\/\/www.rivera.gub.uy\/medioambiente\/wp-json\/wp\/v2\/categories?post=1249"},{"taxonomy":"post_tag","embeddable":true,"href":"https:\/\/www.rivera.gub.uy\/medioambiente\/wp-json\/wp\/v2\/tags?post=1249"}],"curies":[{"name":"wp","href":"https:\/\/api.w.org\/{rel}","templated":true}]}}