{"id":1253,"date":"2018-07-09T12:51:21","date_gmt":"2018-07-09T12:51:21","guid":{"rendered":"http:\/\/www.rivera.gub.uy\/medioambiente\/?p=1253"},"modified":"2018-07-09T12:51:21","modified_gmt":"2018-07-09T12:51:21","slug":"proyecto-integrador","status":"publish","type":"post","link":"https:\/\/www.rivera.gub.uy\/medioambiente\/proyecto-integrador\/","title":{"rendered":"\u00abProyecto Integrador\u00bb"},"content":{"rendered":"<p>El pasado 6 de julio, se realiz\u00f3 la presentaci\u00f3n del\u00a0\u00abProyecto integrador\u00bb de las materias del primer semestre, de la segunda generaci\u00f3n, de la carrera \u00abIngenier\u00eda en log\u00edstica\u00bb de UTEC.<!--more--><\/p>\n<p>La tem\u00e1tica elegida es la <a href=\"http:\/\/www.rivera.gub.uy\/medioambiente\/estrategias\/desarrollo-rural\/proyecto-sandia\/\" target=\"_blank\" rel=\"noopener\">cadena de exportaci\u00f3n de Sand\u00edas<\/a> titulado: <strong>\u00abSabor de Sand\u00eda, de Rivera al Mundo\u00bb<\/strong>.<\/p>\n<p>El evento cont\u00f3 con la presentaci\u00f3n de 8 grupos de estudiantes, quienes expusieron diversos enfoques con muy buenas l\u00edneas de trabajo.<\/p>\n<p>&nbsp;<\/p>\n","protected":false},"excerpt":{"rendered":"<p>El pasado 6 de julio, se realiz\u00f3 la presentaci\u00f3n del\u00a0\u00abProyecto integrador\u00bb de las materias del primer semestre, de la segunda generaci\u00f3n, de la carrera \u00abIngenier\u00eda en log\u00edstica\u00bb de UTEC.<\/p>\n","protected":false},"author":2,"featured_media":1254,"comment_status":"open","ping_status":"open","sticky":false,"template":"","format":"standard","meta":{"footnotes":""},"categories":[1],"tags":[57,16,81,17,25],"_links":{"self":[{"href":"https:\/\/www.rivera.gub.uy\/medioambiente\/wp-json\/wp\/v2\/posts\/1253"}],"collection":[{"href":"https:\/\/www.rivera.gub.uy\/medioambiente\/wp-json\/wp\/v2\/posts"}],"about":[{"href":"https:\/\/www.rivera.gub.uy\/medioambiente\/wp-json\/wp\/v2\/types\/post"}],"author":[{"embeddable":true,"href":"https:\/\/www.rivera.gub.uy\/medioambiente\/wp-json\/wp\/v2\/users\/2"}],"replies":[{"embeddable":true,"href":"https:\/\/www.rivera.gub.uy\/medioambiente\/wp-json\/wp\/v2\/comments?post=1253"}],"version-history":[{"count":1,"href":"https:\/\/www.rivera.gub.uy\/medioambiente\/wp-json\/wp\/v2\/posts\/1253\/revisions"}],"predecessor-version":[{"id":1255,"href":"https:\/\/www.rivera.gub.uy\/medioambiente\/wp-json\/wp\/v2\/posts\/1253\/revisions\/1255"}],"wp:featuredmedia":[{"embeddable":true,"href":"https:\/\/www.rivera.gub.uy\/medioambiente\/wp-json\/wp\/v2\/media\/1254"}],"wp:attachment":[{"href":"https:\/\/www.rivera.gub.uy\/medioambiente\/wp-json\/wp\/v2\/media?parent=1253"}],"wp:term":[{"taxonomy":"category","embeddable":true,"href":"https:\/\/www.rivera.gub.uy\/medioambiente\/wp-json\/wp\/v2\/categories?post=1253"},{"taxonomy":"post_tag","embeddable":true,"href":"https:\/\/www.rivera.gub.uy\/medioambiente\/wp-json\/wp\/v2\/tags?post=1253"}],"curies":[{"name":"wp","href":"https:\/\/api.w.org\/{rel}","templated":true}]}}