{"id":1256,"date":"2018-07-17T15:51:51","date_gmt":"2018-07-17T15:51:51","guid":{"rendered":"http:\/\/www.rivera.gub.uy\/medioambiente\/?p=1256"},"modified":"2018-07-17T15:52:03","modified_gmt":"2018-07-17T15:52:03","slug":"carboneria-el-progreso","status":"publish","type":"post","link":"https:\/\/www.rivera.gub.uy\/medioambiente\/carboneria-el-progreso\/","title":{"rendered":"Carboner\u00eda \u201cEl Progreso\u201d"},"content":{"rendered":"<p>En un trabajo conjunto entre las Divisiones Estrategias y Desarrollo Rural de la IDR, el pasado jueves 12 de julio se realiz\u00f3 la entrega de equipos de seguridad a los integrantes de la Carboner\u00eda \u201cEl Progreso\u201d, encargados de la obtenci\u00f3n y preparaci\u00f3n de la madera para la producci\u00f3n de carb\u00f3n.<!--more--><\/p>\n<p>Estos equipos han sido financiados por la Agencia Nacional de Investigaci\u00f3n e Innovaci\u00f3n (ANII) dentro del proyecto \u201cAcacia Negra\u201d, el cual es ejecutado por la IDR y la Facultad de Ciencias (UDELAR).<\/p>\n<p>Dicha entrega se realiz\u00f3 en el predio donde viene operando la carboner\u00eda, con la participaci\u00f3n de representantes de FUNDASOL, los cuales vienen ejecutando un excelente trabajo de fortalecimiento del grupo.<\/p>\n<p>Esta acci\u00f3n se enmarca dentro de una serie de pruebas que se viene realizando, las que apuntan a demostrar la calidad de este recurso maderable.<\/p>\n<p>Por otra parte, el empleo de equipos de seguridad, por parte del grupo de carboneros, le permitir\u00e1 ejecutar su labor de forma m\u00e1s segura y eficiente.<\/p>\n<p>&nbsp;<\/p>\n","protected":false},"excerpt":{"rendered":"<p>En un trabajo conjunto entre las Divisiones Estrategias y Desarrollo Rural de la IDR, el pasado jueves 12 de julio se realiz\u00f3 la entrega de equipos de seguridad a los integrantes de la Carboner\u00eda \u201cEl Progreso\u201d, encargados de la obtenci\u00f3n y preparaci\u00f3n de la madera para la producci\u00f3n de carb\u00f3n.<\/p>\n","protected":false},"author":2,"featured_media":1257,"comment_status":"open","ping_status":"open","sticky":false,"template":"","format":"standard","meta":{"footnotes":""},"categories":[1],"tags":[83,74,14,57,82,84,16,17],"_links":{"self":[{"href":"https:\/\/www.rivera.gub.uy\/medioambiente\/wp-json\/wp\/v2\/posts\/1256"}],"collection":[{"href":"https:\/\/www.rivera.gub.uy\/medioambiente\/wp-json\/wp\/v2\/posts"}],"about":[{"href":"https:\/\/www.rivera.gub.uy\/medioambiente\/wp-json\/wp\/v2\/types\/post"}],"author":[{"embeddable":true,"href":"https:\/\/www.rivera.gub.uy\/medioambiente\/wp-json\/wp\/v2\/users\/2"}],"replies":[{"embeddable":true,"href":"https:\/\/www.rivera.gub.uy\/medioambiente\/wp-json\/wp\/v2\/comments?post=1256"}],"version-history":[{"count":2,"href":"https:\/\/www.rivera.gub.uy\/medioambiente\/wp-json\/wp\/v2\/posts\/1256\/revisions"}],"predecessor-version":[{"id":1259,"href":"https:\/\/www.rivera.gub.uy\/medioambiente\/wp-json\/wp\/v2\/posts\/1256\/revisions\/1259"}],"wp:featuredmedia":[{"embeddable":true,"href":"https:\/\/www.rivera.gub.uy\/medioambiente\/wp-json\/wp\/v2\/media\/1257"}],"wp:attachment":[{"href":"https:\/\/www.rivera.gub.uy\/medioambiente\/wp-json\/wp\/v2\/media?parent=1256"}],"wp:term":[{"taxonomy":"category","embeddable":true,"href":"https:\/\/www.rivera.gub.uy\/medioambiente\/wp-json\/wp\/v2\/categories?post=1256"},{"taxonomy":"post_tag","embeddable":true,"href":"https:\/\/www.rivera.gub.uy\/medioambiente\/wp-json\/wp\/v2\/tags?post=1256"}],"curies":[{"name":"wp","href":"https:\/\/api.w.org\/{rel}","templated":true}]}}