{"id":1260,"date":"2018-07-17T17:10:34","date_gmt":"2018-07-17T17:10:34","guid":{"rendered":"http:\/\/www.rivera.gub.uy\/medioambiente\/?p=1260"},"modified":"2018-07-17T17:11:19","modified_gmt":"2018-07-17T17:11:19","slug":"division-estrategias-recibio-14-maquinas-industriales-de-corte-y-confeccion","status":"publish","type":"post","link":"https:\/\/www.rivera.gub.uy\/medioambiente\/division-estrategias-recibio-14-maquinas-industriales-de-corte-y-confeccion\/","title":{"rendered":"Divisi\u00f3n Estrategias recibi\u00f3 14 m\u00e1quinas industriales de corte y confecci\u00f3n"},"content":{"rendered":"<p>El pasado viernes 6 de julio la Direcci\u00f3n General de Desarrollo y Medio Ambiente (IDR), a trav\u00e9s de la Divisi\u00f3n Estrategias ha recibido en comodato 14 m\u00e1quinas industriales de corte y confecci\u00f3n por parte del Consejo de Educaci\u00f3n T\u00e9cnico Profesional (CETP).<!--more--><\/p>\n<p>Las mismas hac\u00edan parte del equipo con que esta instituci\u00f3n educativa utilizaba para impartir la carrera de corte y confecci\u00f3n.<\/p>\n<p>Estas m\u00e1quinas ser\u00e1n futuramente empleadas en un espacio de trabajo colaborativo (Coworking) por todas las modistas de nuestro departamento.<\/p>\n<p>El espacio de Coworking que se pretende implantar en nuestra ciudad durante el segundo semestre de 2018, es una iniciativa impulsada por la IDR donde las modistas podr\u00e1n desarrollar sus proyectos laborales en un lugar adecuado y con maquinarias id\u00f3neas para la confecci\u00f3n de prendas, como tambi\u00e9n generar producciones en escala entre grupos de trabajadoras.<\/p>\n<p>El proyecto prev\u00e9 el reciclaje de un local en el Polo de Desarrollo Agropecuario, antiguo Abasto municipal, y nace en la demanda de modistas riverenses que se han agrupado y pretenden contar con una alternativa de este estilo.<\/p>\n<p>Desde la IDR se quiere agradecer la colaboraci\u00f3n de la Direcci\u00f3n del CETP en lo que respecta a la firma del comodato y los aspectos log\u00edsticos del traslado de este valioso equipamiento.<\/p>\n<div id='gallery-1' class='gallery galleryid-1260 gallery-columns-2 gallery-size-thumbnail'><figure class='gallery-item'>\n\t\t\t<div class='gallery-icon landscape'>\n\t\t\t\t<a href='https:\/\/www.rivera.gub.uy\/medioambiente\/wp-content\/uploads\/2018\/07\/maquinas-de-coser-traslado.jpg'><img loading=\"lazy\" decoding=\"async\" width=\"150\" height=\"150\" src=\"https:\/\/www.rivera.gub.uy\/medioambiente\/wp-content\/uploads\/2018\/07\/maquinas-de-coser-traslado-150x150.jpg\" class=\"attachment-thumbnail size-thumbnail\" alt=\"\" \/><\/a>\n\t\t\t<\/div><\/figure><figure class='gallery-item'>\n\t\t\t<div class='gallery-icon landscape'>\n\t\t\t\t<a href='https:\/\/www.rivera.gub.uy\/medioambiente\/wp-content\/uploads\/2018\/07\/maquinas-de-coser-en-polo-demostrativo-agropecuario2.jpg'><img loading=\"lazy\" decoding=\"async\" width=\"150\" height=\"150\" src=\"https:\/\/www.rivera.gub.uy\/medioambiente\/wp-content\/uploads\/2018\/07\/maquinas-de-coser-en-polo-demostrativo-agropecuario2-150x150.jpg\" class=\"attachment-thumbnail size-thumbnail\" alt=\"\" \/><\/a>\n\t\t\t<\/div><\/figure>\n\t\t<\/div>\n\n<p>&nbsp;<\/p>\n","protected":false},"excerpt":{"rendered":"<p>El pasado viernes 6 de julio la Direcci\u00f3n General de Desarrollo y Medio Ambiente (IDR), a trav\u00e9s de la Divisi\u00f3n Estrategias ha recibido en comodato 14 m\u00e1quinas industriales de corte y confecci\u00f3n por parte del Consejo de Educaci\u00f3n T\u00e9cnico Profesional (CETP).<\/p>\n","protected":false},"author":2,"featured_media":1263,"comment_status":"open","ping_status":"open","sticky":false,"template":"","format":"standard","meta":{"footnotes":""},"categories":[1],"tags":[83,87,86,85,57,82,16,17],"_links":{"self":[{"href":"https:\/\/www.rivera.gub.uy\/medioambiente\/wp-json\/wp\/v2\/posts\/1260"}],"collection":[{"href":"https:\/\/www.rivera.gub.uy\/medioambiente\/wp-json\/wp\/v2\/posts"}],"about":[{"href":"https:\/\/www.rivera.gub.uy\/medioambiente\/wp-json\/wp\/v2\/types\/post"}],"author":[{"embeddable":true,"href":"https:\/\/www.rivera.gub.uy\/medioambiente\/wp-json\/wp\/v2\/users\/2"}],"replies":[{"embeddable":true,"href":"https:\/\/www.rivera.gub.uy\/medioambiente\/wp-json\/wp\/v2\/comments?post=1260"}],"version-history":[{"count":2,"href":"https:\/\/www.rivera.gub.uy\/medioambiente\/wp-json\/wp\/v2\/posts\/1260\/revisions"}],"predecessor-version":[{"id":1264,"href":"https:\/\/www.rivera.gub.uy\/medioambiente\/wp-json\/wp\/v2\/posts\/1260\/revisions\/1264"}],"wp:featuredmedia":[{"embeddable":true,"href":"https:\/\/www.rivera.gub.uy\/medioambiente\/wp-json\/wp\/v2\/media\/1263"}],"wp:attachment":[{"href":"https:\/\/www.rivera.gub.uy\/medioambiente\/wp-json\/wp\/v2\/media?parent=1260"}],"wp:term":[{"taxonomy":"category","embeddable":true,"href":"https:\/\/www.rivera.gub.uy\/medioambiente\/wp-json\/wp\/v2\/categories?post=1260"},{"taxonomy":"post_tag","embeddable":true,"href":"https:\/\/www.rivera.gub.uy\/medioambiente\/wp-json\/wp\/v2\/tags?post=1260"}],"curies":[{"name":"wp","href":"https:\/\/api.w.org\/{rel}","templated":true}]}}