{"id":1265,"date":"2018-07-20T12:32:12","date_gmt":"2018-07-20T12:32:12","guid":{"rendered":"http:\/\/www.rivera.gub.uy\/medioambiente\/?p=1265"},"modified":"2018-07-20T12:32:12","modified_gmt":"2018-07-20T12:32:12","slug":"trazando-rumbos-desarrollara-talleres-de-orientacion-vocacional-en-el-hogar-estudiantil-de-rivera","status":"publish","type":"post","link":"https:\/\/www.rivera.gub.uy\/medioambiente\/trazando-rumbos-desarrollara-talleres-de-orientacion-vocacional-en-el-hogar-estudiantil-de-rivera\/","title":{"rendered":"Trazando Rumbos desarrollar\u00e1 Talleres de Orientaci\u00f3n Vocacional en el Hogar Estudiantil de Rivera"},"content":{"rendered":"<p>El pr\u00f3ximo jueves 26 de julio el proyecto Trazando Rumbos (IDR\/UMC-OPP) impulsado desde la Direcci\u00f3n General de Desarrollo y Medio Ambiente a trav\u00e9s de la Divisi\u00f3n de Estrategia estar\u00e1 desarrollando talleres de orientaci\u00f3n vocacional en el Hogar estudiantil de Rivera a los j\u00f3venes del interior que all\u00ed viven. En esta oportunidad los talleres estar\u00e1n a cargo de la psic\u00f3loga Sabrina Latorre.<!--more--><br \/>\nEstos talleres integran un conjunto de acciones que el proyecto Trazando Rumbos viene desplegando con j\u00f3venes del interior departamental con la finalidad de orientar e informar a los estudiantes rurales sobre las diversas alternativas educativas existentes en la regi\u00f3n.<\/p>\n<p>Desde la coordinaci\u00f3n del proyecto se agradece a la direcci\u00f3n y funcionarios del Hogar Estudiantil de Rivera por sumarse a esta iniciativa y visualizar en ella una excelente herramienta de apoyo a la formaci\u00f3n de los j\u00f3venes de nuestro departamento.<\/p>\n","protected":false},"excerpt":{"rendered":"<p>El pr\u00f3ximo jueves 26 de julio el proyecto Trazando Rumbos (IDR\/UMC-OPP) impulsado desde la Direcci\u00f3n General de Desarrollo y Medio Ambiente a trav\u00e9s de la Divisi\u00f3n de Estrategia estar\u00e1 desarrollando talleres de orientaci\u00f3n vocacional en el Hogar estudiantil de Rivera a los j\u00f3venes del interior que all\u00ed viven. En esta oportunidad los talleres estar\u00e1n a [&hellip;]<\/p>\n","protected":false},"author":2,"featured_media":1266,"comment_status":"open","ping_status":"open","sticky":false,"template":"","format":"standard","meta":{"footnotes":""},"categories":[1],"tags":[20,57,88,16,17,30],"_links":{"self":[{"href":"https:\/\/www.rivera.gub.uy\/medioambiente\/wp-json\/wp\/v2\/posts\/1265"}],"collection":[{"href":"https:\/\/www.rivera.gub.uy\/medioambiente\/wp-json\/wp\/v2\/posts"}],"about":[{"href":"https:\/\/www.rivera.gub.uy\/medioambiente\/wp-json\/wp\/v2\/types\/post"}],"author":[{"embeddable":true,"href":"https:\/\/www.rivera.gub.uy\/medioambiente\/wp-json\/wp\/v2\/users\/2"}],"replies":[{"embeddable":true,"href":"https:\/\/www.rivera.gub.uy\/medioambiente\/wp-json\/wp\/v2\/comments?post=1265"}],"version-history":[{"count":1,"href":"https:\/\/www.rivera.gub.uy\/medioambiente\/wp-json\/wp\/v2\/posts\/1265\/revisions"}],"predecessor-version":[{"id":1267,"href":"https:\/\/www.rivera.gub.uy\/medioambiente\/wp-json\/wp\/v2\/posts\/1265\/revisions\/1267"}],"wp:featuredmedia":[{"embeddable":true,"href":"https:\/\/www.rivera.gub.uy\/medioambiente\/wp-json\/wp\/v2\/media\/1266"}],"wp:attachment":[{"href":"https:\/\/www.rivera.gub.uy\/medioambiente\/wp-json\/wp\/v2\/media?parent=1265"}],"wp:term":[{"taxonomy":"category","embeddable":true,"href":"https:\/\/www.rivera.gub.uy\/medioambiente\/wp-json\/wp\/v2\/categories?post=1265"},{"taxonomy":"post_tag","embeddable":true,"href":"https:\/\/www.rivera.gub.uy\/medioambiente\/wp-json\/wp\/v2\/tags?post=1265"}],"curies":[{"name":"wp","href":"https:\/\/api.w.org\/{rel}","templated":true}]}}