{"id":1276,"date":"2018-07-30T13:24:39","date_gmt":"2018-07-30T13:24:39","guid":{"rendered":"http:\/\/www.rivera.gub.uy\/medioambiente\/?p=1276"},"modified":"2018-07-30T13:24:39","modified_gmt":"2018-07-30T13:24:39","slug":"trazando-rumbos-desarrolla-un-nuevo-taller-de-orientacion-vocacional","status":"publish","type":"post","link":"https:\/\/www.rivera.gub.uy\/medioambiente\/trazando-rumbos-desarrolla-un-nuevo-taller-de-orientacion-vocacional\/","title":{"rendered":"Trazando Rumbos desarrolla un nuevo Taller de Orientaci\u00f3n Vocacional"},"content":{"rendered":"<p><em>\u201cProyecto Trazando Rumbos desarrolla un nuevo Taller de Orientaci\u00f3n Vocacional destinado a j\u00f3venes estudiantes del interior del departamento de Rivera\u201d<\/em><\/p>\n<p>El pasado 25 de julio el Proyecto Trazando Rumbos (IDR\/UMC- OPP) impulsado desde la Direcci\u00f3n General de Desarrollo y Medio Ambiente a trav\u00e9s de la Divisi\u00f3n de Estrategias desarroll\u00f3 un nuevo taller de Orientaci\u00f3n Vocacional destinado a orientar j\u00f3venes y promover las distintas alternativas de formaci\u00f3n terciaria existentes en la regi\u00f3n. <!--more--><br \/>\nEn esta nueva instancia m\u00e1s de cuarenta j\u00f3venes del interior del departamento pertenecientes al hogar estudiantil participaron de esta actividad. Una jornada interactiva en donde residentes y estudiantes avanzados de las carreras Tecn\u00f3logo de la Madera, Lic en ed. F\u00edsica, Lic. Enfermer\u00eda, Educador Social y Lic. en Trabajo Social intercambiaron informaci\u00f3n sobre las distintas becas estudiantiles existentes y sobre las variadas alternativas de concluir una formaci\u00f3n terciaria sin tener de migrar de la regi\u00f3n.<\/p>\n<p>Durante el desarrollo de la actividad fue notoria la madurez reflejada por los participantes en cuanto su proyecci\u00f3n para una formaci\u00f3n futura y el imprescindible aporte que brinda el hogar estudiantil en apoyo a j\u00f3venes provenientes de las m\u00e1s diversas localidades rurales del interior de nuestro departamento<br \/>\nLa jornada fue conducida por la Psic\u00f3loga Sabrina Latorre que culmino la actividad con un Test de Orientaci\u00f3n Vocacional.<\/p>\n<p>Desde la coordinaci\u00f3n de Trazando Rumbos se agradece a la direcci\u00f3n, funcionarios y residentes del Hogar Estudiantil de Rivera por la recepci\u00f3n brindada. Y a los estudiantes avanzados de nivel terciario integrantes de la Mesa de Participaci\u00f3n Juvenil por sumarse a esta iniciativa transmitiendo sus aspiraciones de proyecto de vida; que visualizan como alternativa de una r\u00e1pida y segura inserci\u00f3n laboral formarse en algunas de desarrolladas en los centros educativos de Rivera.<\/p>\n<p>&nbsp;<\/p>\n","protected":false},"excerpt":{"rendered":"<p>\u201cProyecto Trazando Rumbos desarrolla un nuevo Taller de Orientaci\u00f3n Vocacional destinado a j\u00f3venes estudiantes del interior del departamento de Rivera\u201d El pasado 25 de julio el Proyecto Trazando Rumbos (IDR\/UMC- OPP) impulsado desde la Direcci\u00f3n General de Desarrollo y Medio Ambiente a trav\u00e9s de la Divisi\u00f3n de Estrategias desarroll\u00f3 un nuevo taller de Orientaci\u00f3n Vocacional [&hellip;]<\/p>\n","protected":false},"author":2,"featured_media":1277,"comment_status":"open","ping_status":"open","sticky":false,"template":"","format":"standard","meta":{"footnotes":""},"categories":[1],"tags":[89,57,82,16,17,30],"_links":{"self":[{"href":"https:\/\/www.rivera.gub.uy\/medioambiente\/wp-json\/wp\/v2\/posts\/1276"}],"collection":[{"href":"https:\/\/www.rivera.gub.uy\/medioambiente\/wp-json\/wp\/v2\/posts"}],"about":[{"href":"https:\/\/www.rivera.gub.uy\/medioambiente\/wp-json\/wp\/v2\/types\/post"}],"author":[{"embeddable":true,"href":"https:\/\/www.rivera.gub.uy\/medioambiente\/wp-json\/wp\/v2\/users\/2"}],"replies":[{"embeddable":true,"href":"https:\/\/www.rivera.gub.uy\/medioambiente\/wp-json\/wp\/v2\/comments?post=1276"}],"version-history":[{"count":1,"href":"https:\/\/www.rivera.gub.uy\/medioambiente\/wp-json\/wp\/v2\/posts\/1276\/revisions"}],"predecessor-version":[{"id":1278,"href":"https:\/\/www.rivera.gub.uy\/medioambiente\/wp-json\/wp\/v2\/posts\/1276\/revisions\/1278"}],"wp:featuredmedia":[{"embeddable":true,"href":"https:\/\/www.rivera.gub.uy\/medioambiente\/wp-json\/wp\/v2\/media\/1277"}],"wp:attachment":[{"href":"https:\/\/www.rivera.gub.uy\/medioambiente\/wp-json\/wp\/v2\/media?parent=1276"}],"wp:term":[{"taxonomy":"category","embeddable":true,"href":"https:\/\/www.rivera.gub.uy\/medioambiente\/wp-json\/wp\/v2\/categories?post=1276"},{"taxonomy":"post_tag","embeddable":true,"href":"https:\/\/www.rivera.gub.uy\/medioambiente\/wp-json\/wp\/v2\/tags?post=1276"}],"curies":[{"name":"wp","href":"https:\/\/api.w.org\/{rel}","templated":true}]}}