{"id":1292,"date":"2018-08-09T18:05:53","date_gmt":"2018-08-09T18:05:53","guid":{"rendered":"http:\/\/www.rivera.gub.uy\/medioambiente\/?p=1292"},"modified":"2018-08-09T18:05:53","modified_gmt":"2018-08-09T18:05:53","slug":"se-realiza-nuevo-ciclo-del-formate-aqui-con-estudiantes-de-tranqueras","status":"publish","type":"post","link":"https:\/\/www.rivera.gub.uy\/medioambiente\/se-realiza-nuevo-ciclo-del-formate-aqui-con-estudiantes-de-tranqueras\/","title":{"rendered":"Se realiza nuevo ciclo del \u201cForm\u00e1te Aqu\u00ed\u201d con estudiantes de Tranqueras"},"content":{"rendered":"<p>El proyecto Trazando Rumbos (IDR-OPP) contin\u00faa acercando las alternativas de formaci\u00f3n terciaria a los j\u00f3venes del interior del Departamento de Rivera<\/p>\n<p>El pasado 8 de Agosto el proyecto Trazando Rumbos impulsado por la Direcci\u00f3n General de Desarrollo y Medio Ambiente (IDR) y el Programa Uruguay M\u00e1s Cerca (UMC-OPP) en conjunto con la Secretaria Binacional de Educaci\u00f3n, desarrollaron un nuevo ciclo \u201cF\u00f3rmate Aqu\u00ed\u201d en el cual participaron 40 estudiantes de la localidad de Tranqueras. Dicha actividad est\u00e1 orientada a promover la oferta educativa de formaci\u00f3n profesional de nuestra frontera. <!--more--><br \/>\nAs\u00ed, los estudiantes del Liceo y Escuela T\u00e9cnica de Tranqueras fueron recibidos por docentes y funcionarios de la UTEC, CeRP, IFD, UNIPAMPA, IFSUL y el Hogar estudiantil. En esta oportunidad cada instituci\u00f3n ha expuesto los detalles de sus carreras, como tambi\u00e9n los apoyos (becas) con que cuentan para sus estudiantes.<\/p>\n<p>Esta actividad se hace posible gracias al apoyo de todas las instituciones educativas que visualizan en el \u201cForm\u00e1te Aqu\u00ed\u201d un espacio de promoci\u00f3n de su oferta, adem\u00e1s de lograr un acercamiento a los j\u00f3venes del medio rural. Por su parte, los j\u00f3venes tienen la posibilidad de conocer carreras de nivel terciario a nivel local, sin tener que migrar a la capital para continuar con sus estudios.<\/p>\n<p>Desde la Coordinaci\u00f3n de Trazando Rumbos y de la Secretaria Binacional de Educaci\u00f3n se agradece a la Secretar\u00eda de la Prefeitura de Santana do Livramento por el apoyo log\u00edstico brindado en esta ocasi\u00f3n.<\/p>\n<p>&nbsp;<\/p>\n","protected":false},"excerpt":{"rendered":"<p>El proyecto Trazando Rumbos (IDR-OPP) contin\u00faa acercando las alternativas de formaci\u00f3n terciaria a los j\u00f3venes del interior del Departamento de Rivera El pasado 8 de Agosto el proyecto Trazando Rumbos impulsado por la Direcci\u00f3n General de Desarrollo y Medio Ambiente (IDR) y el Programa Uruguay M\u00e1s Cerca (UMC-OPP) en conjunto con la Secretaria Binacional de [&hellip;]<\/p>\n","protected":false},"author":2,"featured_media":1293,"comment_status":"open","ping_status":"open","sticky":false,"template":"","format":"standard","meta":{"footnotes":""},"categories":[1],"tags":[83,57,82,69,16,17,30],"_links":{"self":[{"href":"https:\/\/www.rivera.gub.uy\/medioambiente\/wp-json\/wp\/v2\/posts\/1292"}],"collection":[{"href":"https:\/\/www.rivera.gub.uy\/medioambiente\/wp-json\/wp\/v2\/posts"}],"about":[{"href":"https:\/\/www.rivera.gub.uy\/medioambiente\/wp-json\/wp\/v2\/types\/post"}],"author":[{"embeddable":true,"href":"https:\/\/www.rivera.gub.uy\/medioambiente\/wp-json\/wp\/v2\/users\/2"}],"replies":[{"embeddable":true,"href":"https:\/\/www.rivera.gub.uy\/medioambiente\/wp-json\/wp\/v2\/comments?post=1292"}],"version-history":[{"count":1,"href":"https:\/\/www.rivera.gub.uy\/medioambiente\/wp-json\/wp\/v2\/posts\/1292\/revisions"}],"predecessor-version":[{"id":1294,"href":"https:\/\/www.rivera.gub.uy\/medioambiente\/wp-json\/wp\/v2\/posts\/1292\/revisions\/1294"}],"wp:featuredmedia":[{"embeddable":true,"href":"https:\/\/www.rivera.gub.uy\/medioambiente\/wp-json\/wp\/v2\/media\/1293"}],"wp:attachment":[{"href":"https:\/\/www.rivera.gub.uy\/medioambiente\/wp-json\/wp\/v2\/media?parent=1292"}],"wp:term":[{"taxonomy":"category","embeddable":true,"href":"https:\/\/www.rivera.gub.uy\/medioambiente\/wp-json\/wp\/v2\/categories?post=1292"},{"taxonomy":"post_tag","embeddable":true,"href":"https:\/\/www.rivera.gub.uy\/medioambiente\/wp-json\/wp\/v2\/tags?post=1292"}],"curies":[{"name":"wp","href":"https:\/\/api.w.org\/{rel}","templated":true}]}}