{"id":1299,"date":"2018-08-13T12:19:02","date_gmt":"2018-08-13T12:19:02","guid":{"rendered":"http:\/\/www.rivera.gub.uy\/medioambiente\/?p=1299"},"modified":"2018-08-13T12:19:02","modified_gmt":"2018-08-13T12:19:02","slug":"la-carboneria-el-progreso-se-consolida-como-una-nueva-empresa-local","status":"publish","type":"post","link":"https:\/\/www.rivera.gub.uy\/medioambiente\/la-carboneria-el-progreso-se-consolida-como-una-nueva-empresa-local\/","title":{"rendered":"La Carboner\u00eda El Progreso se consolida como una nueva empresa local"},"content":{"rendered":"<p>Las Divisiones Estrategias y Desarrollo Rural impulsan el desarrollo de empresas locales<\/p>\n<p>En el marco del proyecto\u201cNegocios inclusivos\u201dque la Direcci\u00f3n General de Desarrollo y Medio Ambiente desarrolla conjuntamente con FUNDASOL y que cuenta con la financiaci\u00f3n de la Agencia Nacional de Desarrollo (ANDE), se vienen fortaleciendo un grupo de productores de carb\u00f3n de nuestra ciudad.<!--more--><\/p>\n<p>Si bien muchos son los logros alcanzados por este grupo en los \u00faltimos a\u00f1os, la reciente constituci\u00f3n de una empresa formal por parte de ellos, merece una menci\u00f3n especial.<\/p>\n<p>Cabe recordar que en la actualidad el departamento de Rivera cuenta con un \u00edndice de informalidad superior al 40%, uno de los mayores del pa\u00eds, por lo tanto lograr que emprendimientos de estas caracter\u00edsticas puedan formalizarse es un desaf\u00edo.<\/p>\n<p>Dicha formalizaci\u00f3n se alcanza mediante un constante trabajo por parte del equipo t\u00e9cnico del proyecto, que apunta al fortalecimiento del grupo de carboneros propiciando su desarrollo empresarial, la generaci\u00f3n de una logo marca y la b\u00fasqueda de soluciones de largo aliento a problemas cotidianos como lo son la obtenci\u00f3n de materia prima (madera) y la colonizaci\u00f3n de nuevos mercados por parte de la novel empresa.<\/p>\n<p>Sumado a ello, el pasado 09 de Agosto, en el marco del proyecto \u201cAcacia Negra\u201d que la IDR desarrolla con fondos de la ANII, los empresarios de la Carboner\u00eda \u201cEl Progreso\u201d han recibido algunos implementos: motosierra y equipos de seguridad, los que ser\u00e1n utilizados en el proceso de producci\u00f3n de carb\u00f3n.<\/p>\n<p>La mejora de este proceso de producci\u00f3n es otro de los desaf\u00edos que se vienen encarando por parte del equipo de la IDR, pretendi\u00e9ndose avanzar en materia de seguridad y de incorporaci\u00f3n de tecnolog\u00eda al mismo.<\/p>\n<div id='gallery-1' class='gallery galleryid-1299 gallery-columns-2 gallery-size-medium'><figure class='gallery-item'>\n\t\t\t<div class='gallery-icon landscape'>\n\t\t\t\t<a href='https:\/\/www.rivera.gub.uy\/medioambiente\/wp-content\/uploads\/2018\/08\/carboneros1.jpg'><img loading=\"lazy\" decoding=\"async\" width=\"300\" height=\"196\" src=\"https:\/\/www.rivera.gub.uy\/medioambiente\/wp-content\/uploads\/2018\/08\/carboneros1-300x196.jpg\" class=\"attachment-medium size-medium\" alt=\"\" srcset=\"https:\/\/www.rivera.gub.uy\/medioambiente\/wp-content\/uploads\/2018\/08\/carboneros1-300x196.jpg 300w, https:\/\/www.rivera.gub.uy\/medioambiente\/wp-content\/uploads\/2018\/08\/carboneros1-768x501.jpg 768w, https:\/\/www.rivera.gub.uy\/medioambiente\/wp-content\/uploads\/2018\/08\/carboneros1-1024x668.jpg 1024w, https:\/\/www.rivera.gub.uy\/medioambiente\/wp-content\/uploads\/2018\/08\/carboneros1-820x535.jpg 820w, https:\/\/www.rivera.gub.uy\/medioambiente\/wp-content\/uploads\/2018\/08\/carboneros1.jpg 1600w\" sizes=\"(max-width: 300px) 100vw, 300px\" \/><\/a>\n\t\t\t<\/div><\/figure><figure class='gallery-item'>\n\t\t\t<div class='gallery-icon portrait'>\n\t\t\t\t<a href='https:\/\/www.rivera.gub.uy\/medioambiente\/wp-content\/uploads\/2018\/08\/carboneros2.jpg'><img loading=\"lazy\" decoding=\"async\" width=\"154\" height=\"300\" src=\"https:\/\/www.rivera.gub.uy\/medioambiente\/wp-content\/uploads\/2018\/08\/carboneros2-154x300.jpg\" class=\"attachment-medium size-medium\" alt=\"\" srcset=\"https:\/\/www.rivera.gub.uy\/medioambiente\/wp-content\/uploads\/2018\/08\/carboneros2-154x300.jpg 154w, https:\/\/www.rivera.gub.uy\/medioambiente\/wp-content\/uploads\/2018\/08\/carboneros2-768x1492.jpg 768w, https:\/\/www.rivera.gub.uy\/medioambiente\/wp-content\/uploads\/2018\/08\/carboneros2-527x1024.jpg 527w, https:\/\/www.rivera.gub.uy\/medioambiente\/wp-content\/uploads\/2018\/08\/carboneros2.jpg 795w\" sizes=\"(max-width: 154px) 100vw, 154px\" \/><\/a>\n\t\t\t<\/div><\/figure>\n\t\t<\/div>\n\n","protected":false},"excerpt":{"rendered":"<p>Las Divisiones Estrategias y Desarrollo Rural impulsan el desarrollo de empresas locales En el marco del proyecto\u201cNegocios inclusivos\u201dque la Direcci\u00f3n General de Desarrollo y Medio Ambiente desarrolla conjuntamente con FUNDASOL y que cuenta con la financiaci\u00f3n de la Agencia Nacional de Desarrollo (ANDE), se vienen fortaleciendo un grupo de productores de carb\u00f3n de nuestra ciudad.<\/p>\n","protected":false},"author":2,"featured_media":1300,"comment_status":"open","ping_status":"open","sticky":false,"template":"","format":"standard","meta":{"footnotes":""},"categories":[1],"tags":[83,74,14,16,17],"_links":{"self":[{"href":"https:\/\/www.rivera.gub.uy\/medioambiente\/wp-json\/wp\/v2\/posts\/1299"}],"collection":[{"href":"https:\/\/www.rivera.gub.uy\/medioambiente\/wp-json\/wp\/v2\/posts"}],"about":[{"href":"https:\/\/www.rivera.gub.uy\/medioambiente\/wp-json\/wp\/v2\/types\/post"}],"author":[{"embeddable":true,"href":"https:\/\/www.rivera.gub.uy\/medioambiente\/wp-json\/wp\/v2\/users\/2"}],"replies":[{"embeddable":true,"href":"https:\/\/www.rivera.gub.uy\/medioambiente\/wp-json\/wp\/v2\/comments?post=1299"}],"version-history":[{"count":1,"href":"https:\/\/www.rivera.gub.uy\/medioambiente\/wp-json\/wp\/v2\/posts\/1299\/revisions"}],"predecessor-version":[{"id":1302,"href":"https:\/\/www.rivera.gub.uy\/medioambiente\/wp-json\/wp\/v2\/posts\/1299\/revisions\/1302"}],"wp:featuredmedia":[{"embeddable":true,"href":"https:\/\/www.rivera.gub.uy\/medioambiente\/wp-json\/wp\/v2\/media\/1300"}],"wp:attachment":[{"href":"https:\/\/www.rivera.gub.uy\/medioambiente\/wp-json\/wp\/v2\/media?parent=1299"}],"wp:term":[{"taxonomy":"category","embeddable":true,"href":"https:\/\/www.rivera.gub.uy\/medioambiente\/wp-json\/wp\/v2\/categories?post=1299"},{"taxonomy":"post_tag","embeddable":true,"href":"https:\/\/www.rivera.gub.uy\/medioambiente\/wp-json\/wp\/v2\/tags?post=1299"}],"curies":[{"name":"wp","href":"https:\/\/api.w.org\/{rel}","templated":true}]}}