{"id":13024,"date":"2023-11-27T12:52:48","date_gmt":"2023-11-27T12:52:48","guid":{"rendered":"https:\/\/www.rivera.gub.uy\/medioambiente\/?p=13024"},"modified":"2023-11-27T12:52:56","modified_gmt":"2023-11-27T12:52:56","slug":"desafio-frontera-inteligente-edicion-2023","status":"publish","type":"post","link":"https:\/\/www.rivera.gub.uy\/medioambiente\/desafio-frontera-inteligente-edicion-2023\/","title":{"rendered":"DESAF\u00cdO FRONTERA INTELIGENTE Edici\u00f3n 2023"},"content":{"rendered":"<p>Nuestros j\u00f3venes generan soluciones inteligentes para nuestra frontera<!--more--><\/p>\n<p>Con la finalidad de fomentar soluciones innovadoras a problemas de nuestra frontera el 17 de noviembre se llev\u00f3 a cabo en el predio de la Universidad Federal del Pampa (UIPAMPA) la tercera edici\u00f3n del Desaf\u00edo Frontera Inteligente, el cual es impulsado por instituciones del Ecosistema \u00c1rea B donde se destacan el SEBRAE, la Intendencia Departamental de Rivera, UNIPAMPA, DAMBO, la Agencia de Desarrollo de Rivera, entre otros.<\/p>\n<p>El desaf\u00edo consisti\u00f3 en realizar un trabajo colaborativo entre estudiantes de secundaria y universidades de diversas facultades locales, los que debieron identificar problemas de nuestra frontera y desarrollar un proyecto con soluciones innovadoras capaces de transformarse en un emprendimiento con sostenibilidad econ\u00f3mica y ambiental. Esta tarea fue orientada por expertos de ambas ciudades y cont\u00f3 con la participaci\u00f3n de m\u00e1s de 60 j\u00f3venes los cuales conformaron un total de 11 grupos.<\/p>\n<p>Las ideas fueron prototipadas, testeadas y mejoradas en lo que a su modelo de negocio respecta y as\u00ed pasaron a la instancia final en la cual un jurado compuesto por actores institucionales y del sector privado eligieron las mejores. Los vencedores del certamen recibieron un cupo en el programa Startup RS del SEBRAE donde recibir\u00e1n un asesoramiento para consolidar su modelo de negocio.<\/p>\n<p>La IDR a trav\u00e9s de la Divisi\u00f3n Estrategias, fue uno de los organizadores encarg\u00e1ndose de la constituci\u00f3n de los equipos de estudiantes, mentoreando las ideas, conformando en el jurado y articulando con las instituciones brasileras y uruguayas que hacen posible que a\u00f1o tras a\u00f1o nuestros j\u00f3venes pongan toda su energ\u00eda para mejorar la calidad de vida de los habitantes de nuestra frontera.<\/p>\n<p>&nbsp;<\/p>\n<div id='gallery-1' class='gallery galleryid-13024 gallery-columns-2 gallery-size-medium'><figure class='gallery-item'>\n\t\t\t<div class='gallery-icon landscape'>\n\t\t\t\t<a href='https:\/\/www.rivera.gub.uy\/medioambiente\/wp-content\/uploads\/2023\/11\/WhatsApp-Image-2023-11-27-at-9.12.15-AM.jpeg'><img loading=\"lazy\" decoding=\"async\" width=\"300\" height=\"137\" src=\"https:\/\/www.rivera.gub.uy\/medioambiente\/wp-content\/uploads\/2023\/11\/WhatsApp-Image-2023-11-27-at-9.12.15-AM-300x137.jpeg\" class=\"attachment-medium size-medium\" alt=\"\" srcset=\"https:\/\/www.rivera.gub.uy\/medioambiente\/wp-content\/uploads\/2023\/11\/WhatsApp-Image-2023-11-27-at-9.12.15-AM-300x137.jpeg 300w, https:\/\/www.rivera.gub.uy\/medioambiente\/wp-content\/uploads\/2023\/11\/WhatsApp-Image-2023-11-27-at-9.12.15-AM-1024x468.jpeg 1024w, https:\/\/www.rivera.gub.uy\/medioambiente\/wp-content\/uploads\/2023\/11\/WhatsApp-Image-2023-11-27-at-9.12.15-AM-768x351.jpeg 768w, https:\/\/www.rivera.gub.uy\/medioambiente\/wp-content\/uploads\/2023\/11\/WhatsApp-Image-2023-11-27-at-9.12.15-AM-1536x702.jpeg 1536w, https:\/\/www.rivera.gub.uy\/medioambiente\/wp-content\/uploads\/2023\/11\/WhatsApp-Image-2023-11-27-at-9.12.15-AM-820x375.jpeg 820w, https:\/\/www.rivera.gub.uy\/medioambiente\/wp-content\/uploads\/2023\/11\/WhatsApp-Image-2023-11-27-at-9.12.15-AM.jpeg 1600w\" sizes=\"(max-width: 300px) 100vw, 300px\" \/><\/a>\n\t\t\t<\/div><\/figure><figure class='gallery-item'>\n\t\t\t<div class='gallery-icon portrait'>\n\t\t\t\t<a href='https:\/\/www.rivera.gub.uy\/medioambiente\/wp-content\/uploads\/2023\/11\/WhatsApp-Image-2023-11-27-at-9.12.13-AM.jpeg'><img loading=\"lazy\" decoding=\"async\" width=\"225\" height=\"300\" src=\"https:\/\/www.rivera.gub.uy\/medioambiente\/wp-content\/uploads\/2023\/11\/WhatsApp-Image-2023-11-27-at-9.12.13-AM-225x300.jpeg\" class=\"attachment-medium size-medium\" alt=\"\" srcset=\"https:\/\/www.rivera.gub.uy\/medioambiente\/wp-content\/uploads\/2023\/11\/WhatsApp-Image-2023-11-27-at-9.12.13-AM-225x300.jpeg 225w, https:\/\/www.rivera.gub.uy\/medioambiente\/wp-content\/uploads\/2023\/11\/WhatsApp-Image-2023-11-27-at-9.12.13-AM-768x1024.jpeg 768w, https:\/\/www.rivera.gub.uy\/medioambiente\/wp-content\/uploads\/2023\/11\/WhatsApp-Image-2023-11-27-at-9.12.13-AM-1152x1536.jpeg 1152w, https:\/\/www.rivera.gub.uy\/medioambiente\/wp-content\/uploads\/2023\/11\/WhatsApp-Image-2023-11-27-at-9.12.13-AM-820x1093.jpeg 820w, https:\/\/www.rivera.gub.uy\/medioambiente\/wp-content\/uploads\/2023\/11\/WhatsApp-Image-2023-11-27-at-9.12.13-AM.jpeg 1200w\" sizes=\"(max-width: 225px) 100vw, 225px\" \/><\/a>\n\t\t\t<\/div><\/figure>\n\t\t<\/div>\n\n","protected":false},"excerpt":{"rendered":"<p>Nuestros j\u00f3venes generan soluciones inteligentes para nuestra frontera<\/p>\n","protected":false},"author":1,"featured_media":13027,"comment_status":"open","ping_status":"open","sticky":false,"template":"","format":"standard","meta":{"footnotes":""},"categories":[1],"tags":[],"_links":{"self":[{"href":"https:\/\/www.rivera.gub.uy\/medioambiente\/wp-json\/wp\/v2\/posts\/13024"}],"collection":[{"href":"https:\/\/www.rivera.gub.uy\/medioambiente\/wp-json\/wp\/v2\/posts"}],"about":[{"href":"https:\/\/www.rivera.gub.uy\/medioambiente\/wp-json\/wp\/v2\/types\/post"}],"author":[{"embeddable":true,"href":"https:\/\/www.rivera.gub.uy\/medioambiente\/wp-json\/wp\/v2\/users\/1"}],"replies":[{"embeddable":true,"href":"https:\/\/www.rivera.gub.uy\/medioambiente\/wp-json\/wp\/v2\/comments?post=13024"}],"version-history":[{"count":1,"href":"https:\/\/www.rivera.gub.uy\/medioambiente\/wp-json\/wp\/v2\/posts\/13024\/revisions"}],"predecessor-version":[{"id":13028,"href":"https:\/\/www.rivera.gub.uy\/medioambiente\/wp-json\/wp\/v2\/posts\/13024\/revisions\/13028"}],"wp:featuredmedia":[{"embeddable":true,"href":"https:\/\/www.rivera.gub.uy\/medioambiente\/wp-json\/wp\/v2\/media\/13027"}],"wp:attachment":[{"href":"https:\/\/www.rivera.gub.uy\/medioambiente\/wp-json\/wp\/v2\/media?parent=13024"}],"wp:term":[{"taxonomy":"category","embeddable":true,"href":"https:\/\/www.rivera.gub.uy\/medioambiente\/wp-json\/wp\/v2\/categories?post=13024"},{"taxonomy":"post_tag","embeddable":true,"href":"https:\/\/www.rivera.gub.uy\/medioambiente\/wp-json\/wp\/v2\/tags?post=13024"}],"curies":[{"name":"wp","href":"https:\/\/api.w.org\/{rel}","templated":true}]}}