{"id":1304,"date":"2018-08-23T12:02:16","date_gmt":"2018-08-23T12:02:16","guid":{"rendered":"http:\/\/www.rivera.gub.uy\/medioambiente\/?p=1304"},"modified":"2018-08-23T12:06:35","modified_gmt":"2018-08-23T12:06:35","slug":"el-coworking-rivera-ha-sido-colonizado-por-estudiantes-y-emprendedores-de-la-ciudad","status":"publish","type":"post","link":"https:\/\/www.rivera.gub.uy\/medioambiente\/el-coworking-rivera-ha-sido-colonizado-por-estudiantes-y-emprendedores-de-la-ciudad\/","title":{"rendered":"El Coworking Rivera ha sido colonizado por estudiantes y emprendedores de la ciudad"},"content":{"rendered":"<p>El espacio de trabajo colaborativo denominado \u201cCoworking Rivera\u201d viene funcionando a muy buen ritmo en el predio del Polo Educativo T\u00e9cnico Superior de Rivera (CETP), ex escuela Agraria.<\/p>\n<p>Este espacio es gestionado conjuntamente por la UTEC, IDR y el programa J\u00f3venes emprendedores (UTU). El mismo ofrece, sin costo alguno para sus usuarios, la posibilidad de emprender\/trabajar en un espacio tranquilo, con buena conexi\u00f3n a internet y con especialistas en el tema emprendedurismo que apoyan y asesoran de forma personalizada a los j\u00f3venes que all\u00ed concurren con sus ideas. <!--more--><br \/>\nSumado a ello, los d\u00edas viernes, se llevan adelante talleres con profesionales que orientan a los emprendedores en aspectos como: marketing, desarrollo de ideas, generaci\u00f3n de planes de negocios entre otros.<\/p>\n<p>En la actualidad el espacio cuenta con una muy buena concurrencia tanto de estudiantes como de diversos emprendedores que comienzan a identificar en este local un punto de referencia para poder desarrollar sus ideas con mayor solidez.<\/p>\n<p>El coworking Rivera funciona de lunes a viernes en horario de la tarde (14:00 a 18:00) as\u00ed que se invita a los emprendedores de Rivera a que se acerquen al espacio para fortalecer sus ideas y hacerlas realidad.<\/p>\n","protected":false},"excerpt":{"rendered":"<p>El espacio de trabajo colaborativo denominado \u201cCoworking Rivera\u201d viene funcionando a muy buen ritmo en el predio del Polo Educativo T\u00e9cnico Superior de Rivera (CETP), ex escuela Agraria. Este espacio es gestionado conjuntamente por la UTEC, IDR y el programa J\u00f3venes emprendedores (UTU). El mismo ofrece, sin costo alguno para sus usuarios, la posibilidad de [&hellip;]<\/p>\n","protected":false},"author":2,"featured_media":1305,"comment_status":"open","ping_status":"open","sticky":false,"template":"","format":"standard","meta":{"footnotes":""},"categories":[1],"tags":[85,16,17,25],"_links":{"self":[{"href":"https:\/\/www.rivera.gub.uy\/medioambiente\/wp-json\/wp\/v2\/posts\/1304"}],"collection":[{"href":"https:\/\/www.rivera.gub.uy\/medioambiente\/wp-json\/wp\/v2\/posts"}],"about":[{"href":"https:\/\/www.rivera.gub.uy\/medioambiente\/wp-json\/wp\/v2\/types\/post"}],"author":[{"embeddable":true,"href":"https:\/\/www.rivera.gub.uy\/medioambiente\/wp-json\/wp\/v2\/users\/2"}],"replies":[{"embeddable":true,"href":"https:\/\/www.rivera.gub.uy\/medioambiente\/wp-json\/wp\/v2\/comments?post=1304"}],"version-history":[{"count":3,"href":"https:\/\/www.rivera.gub.uy\/medioambiente\/wp-json\/wp\/v2\/posts\/1304\/revisions"}],"predecessor-version":[{"id":1308,"href":"https:\/\/www.rivera.gub.uy\/medioambiente\/wp-json\/wp\/v2\/posts\/1304\/revisions\/1308"}],"wp:featuredmedia":[{"embeddable":true,"href":"https:\/\/www.rivera.gub.uy\/medioambiente\/wp-json\/wp\/v2\/media\/1305"}],"wp:attachment":[{"href":"https:\/\/www.rivera.gub.uy\/medioambiente\/wp-json\/wp\/v2\/media?parent=1304"}],"wp:term":[{"taxonomy":"category","embeddable":true,"href":"https:\/\/www.rivera.gub.uy\/medioambiente\/wp-json\/wp\/v2\/categories?post=1304"},{"taxonomy":"post_tag","embeddable":true,"href":"https:\/\/www.rivera.gub.uy\/medioambiente\/wp-json\/wp\/v2\/tags?post=1304"}],"curies":[{"name":"wp","href":"https:\/\/api.w.org\/{rel}","templated":true}]}}