{"id":1318,"date":"2018-08-31T13:28:18","date_gmt":"2018-08-31T13:28:18","guid":{"rendered":"http:\/\/www.rivera.gub.uy\/medioambiente\/?p=1318"},"modified":"2018-08-31T13:28:23","modified_gmt":"2018-08-31T13:28:23","slug":"acortando-distancias-para-el-desarrollo-sostenible-de-la-produccion-ovina-de-rivera","status":"publish","type":"post","link":"https:\/\/www.rivera.gub.uy\/medioambiente\/acortando-distancias-para-el-desarrollo-sostenible-de-la-produccion-ovina-de-rivera\/","title":{"rendered":"Acortando distancias para el desarrollo sostenible de la producci\u00f3n ovina de Rivera"},"content":{"rendered":"<p>La Facultad de Agronom\u00eda se suma al proyecto Fortalecimiento de la Producci\u00f3n Ovina de la Intendencia Departamental de Rivera.<!--more--><\/p>\n<p>El pasado 29 de agosto, en el establecimiento \u201cLa Rinconada\u201d, del sr. Marcelo Ant\u00fanez, ubicado en la Sierra de Arecu\u00e1, el proyecto Fortalecimiento de la Producci\u00f3n Ovina, desarrollado de forma conjunta por las Divisiones Desarrollo Rural y Estrategias de la Intendencia Departamental de Rivera, realiz\u00f3 una jornada con productores ovinos de Minas de Corrales.<\/p>\n<p>En esta oportunidad se cont\u00f3 con la participaci\u00f3n del profesor y coordinador Ing. Agr. (Msc) F\u00e9lix Fuster, docente del Grupo Disciplinario de Extensi\u00f3n Rural de la Facultad de Agronom\u00eda quien aport\u00f3 a trav\u00e9s de una jornada din\u00e1mica un an\u00e1lisis de la problem\u00e1tica ovina de la zona.<\/p>\n<p>En dicha din\u00e1mica los productores participantes se manifestaron sobre la problem\u00e1tica, fortalezas y las perspectivas futuras de la cadena ovina en el departamento, destacando la importancia de generar informaci\u00f3n de cada predio como forma de poder planificar y apoyar la toma de decisiones de cada productor.<\/p>\n<p>El aporte de la Facultad de Agronom\u00eda, a trav\u00e9s del Ing. Agr. (Msc) Felix Fuster, es el comienzo de un v\u00ednculo que ya tiene programado acciones futuras en conjunto con el grupo de productores donde dicha instituci\u00f3n intentar\u00e1 acercar otras formas de producci\u00f3n a los productores rurales de nuestro departamento.<\/p>\n","protected":false},"excerpt":{"rendered":"<p>La Facultad de Agronom\u00eda se suma al proyecto Fortalecimiento de la Producci\u00f3n Ovina de la Intendencia Departamental de Rivera.<\/p>\n","protected":false},"author":2,"featured_media":1319,"comment_status":"open","ping_status":"open","sticky":false,"template":"","format":"standard","meta":{"footnotes":""},"categories":[1],"tags":[83,20,57,82,16,18],"_links":{"self":[{"href":"https:\/\/www.rivera.gub.uy\/medioambiente\/wp-json\/wp\/v2\/posts\/1318"}],"collection":[{"href":"https:\/\/www.rivera.gub.uy\/medioambiente\/wp-json\/wp\/v2\/posts"}],"about":[{"href":"https:\/\/www.rivera.gub.uy\/medioambiente\/wp-json\/wp\/v2\/types\/post"}],"author":[{"embeddable":true,"href":"https:\/\/www.rivera.gub.uy\/medioambiente\/wp-json\/wp\/v2\/users\/2"}],"replies":[{"embeddable":true,"href":"https:\/\/www.rivera.gub.uy\/medioambiente\/wp-json\/wp\/v2\/comments?post=1318"}],"version-history":[{"count":2,"href":"https:\/\/www.rivera.gub.uy\/medioambiente\/wp-json\/wp\/v2\/posts\/1318\/revisions"}],"predecessor-version":[{"id":1321,"href":"https:\/\/www.rivera.gub.uy\/medioambiente\/wp-json\/wp\/v2\/posts\/1318\/revisions\/1321"}],"wp:featuredmedia":[{"embeddable":true,"href":"https:\/\/www.rivera.gub.uy\/medioambiente\/wp-json\/wp\/v2\/media\/1319"}],"wp:attachment":[{"href":"https:\/\/www.rivera.gub.uy\/medioambiente\/wp-json\/wp\/v2\/media?parent=1318"}],"wp:term":[{"taxonomy":"category","embeddable":true,"href":"https:\/\/www.rivera.gub.uy\/medioambiente\/wp-json\/wp\/v2\/categories?post=1318"},{"taxonomy":"post_tag","embeddable":true,"href":"https:\/\/www.rivera.gub.uy\/medioambiente\/wp-json\/wp\/v2\/tags?post=1318"}],"curies":[{"name":"wp","href":"https:\/\/api.w.org\/{rel}","templated":true}]}}