{"id":1325,"date":"2018-09-11T17:19:51","date_gmt":"2018-09-11T17:19:51","guid":{"rendered":"http:\/\/www.rivera.gub.uy\/medioambiente\/?p=1325"},"modified":"2018-09-11T17:26:19","modified_gmt":"2018-09-11T17:26:19","slug":"ovinatlon","status":"publish","type":"post","link":"https:\/\/www.rivera.gub.uy\/medioambiente\/ovinatlon\/","title":{"rendered":"OVINATL\u00d3N"},"content":{"rendered":"<p>Forjando la tradici\u00f3n productiva en nuestro j\u00f3venes rurales<\/p>\n<p>El proyecto Trazando Rumbos, impulsado por la Divisi\u00f3n de Estrategia (IDR) y el Programa Uruguay M\u00e1s Cerca (OPP), realizara durante los meses de setiembre y octubre la primera edici\u00f3n de la OVINATL\u00d3N, la cual tendr\u00e1 su gran final en la XVIII Expo Curticeiras. Dicho evento consiste en un conjunto de pruebas y destrezas de manejo de ovinos y tiene por finalidad promover nuevas oportunidades de conocimiento y experiencias laborales a j\u00f3venes del interior departamental. Se espera contar con m\u00e1s de 20 parejas del interior departamental.<!--more--><br \/>\nEn una primera etapa, el pasado martes 4 de setiembre m\u00e1s de 40 estudiantes pertenecientes a las Escuelas Agrarias de Rivera y Minas de Corrales participaron de una capacitaci\u00f3n. Esta actividad se desarrollo en el predio de la Escuela Agraria de Minas de Corrales y se realizaron tareas practicas como revisi\u00f3n de vientres y de reproductores (carneros), evaluaci\u00f3n de \u00edndice de condici\u00f3n corporal, identificaci\u00f3n de finuras de lanas y reconocimiento de suplementos alimenticios de ovinos. Dicha capacitaci\u00f3n estuvo a cargo del Ing. Agr. Juan Mart\u00edn Erram\u00fan, t\u00e9cnico perteneciente al Secretariado Uruguayo de la Lana (SUL) entidad que tambi\u00e9n apoya esta experiencia.<\/p>\n<p>Todo el mes de setiembre los estudiantes se preparan para las pruebas con el respaldo de sus tutores los Ing. Agr. Dayna Machado y Roberto Moreira para poder llegar de la mejor forma a la contienda de la primera semana de Octubre. En esta oportunidad el primer premio corresponder\u00e1 a un viaje a las termas salte\u00f1as para un grupo de 18 personas las que ser\u00e1n seleccionadas por la dupla ganadora.<\/p>\n<div id='gallery-1' class='gallery galleryid-1325 gallery-columns-4 gallery-size-thumbnail'><figure class='gallery-item'>\n\t\t\t<div class='gallery-icon landscape'>\n\t\t\t\t<a href='https:\/\/www.rivera.gub.uy\/medioambiente\/wp-content\/uploads\/2018\/09\/ovinatlon-2.jpg'><img loading=\"lazy\" decoding=\"async\" width=\"150\" height=\"150\" src=\"https:\/\/www.rivera.gub.uy\/medioambiente\/wp-content\/uploads\/2018\/09\/ovinatlon-2-150x150.jpg\" class=\"attachment-thumbnail size-thumbnail\" alt=\"\" \/><\/a>\n\t\t\t<\/div><\/figure><figure class='gallery-item'>\n\t\t\t<div class='gallery-icon portrait'>\n\t\t\t\t<a href='https:\/\/www.rivera.gub.uy\/medioambiente\/wp-content\/uploads\/2018\/09\/ovinatlon-3.jpg'><img loading=\"lazy\" decoding=\"async\" width=\"150\" height=\"150\" src=\"https:\/\/www.rivera.gub.uy\/medioambiente\/wp-content\/uploads\/2018\/09\/ovinatlon-3-150x150.jpg\" class=\"attachment-thumbnail size-thumbnail\" alt=\"\" \/><\/a>\n\t\t\t<\/div><\/figure><figure class='gallery-item'>\n\t\t\t<div class='gallery-icon landscape'>\n\t\t\t\t<a href='https:\/\/www.rivera.gub.uy\/medioambiente\/wp-content\/uploads\/2018\/09\/ovinatlon-4.jpg'><img loading=\"lazy\" decoding=\"async\" width=\"150\" height=\"150\" src=\"https:\/\/www.rivera.gub.uy\/medioambiente\/wp-content\/uploads\/2018\/09\/ovinatlon-4-150x150.jpg\" class=\"attachment-thumbnail size-thumbnail\" alt=\"\" \/><\/a>\n\t\t\t<\/div><\/figure><figure class='gallery-item'>\n\t\t\t<div class='gallery-icon landscape'>\n\t\t\t\t<a href='https:\/\/www.rivera.gub.uy\/medioambiente\/wp-content\/uploads\/2018\/09\/ovinatlon-11.jpg'><img loading=\"lazy\" decoding=\"async\" width=\"150\" height=\"150\" src=\"https:\/\/www.rivera.gub.uy\/medioambiente\/wp-content\/uploads\/2018\/09\/ovinatlon-11-150x150.jpg\" class=\"attachment-thumbnail size-thumbnail\" alt=\"\" \/><\/a>\n\t\t\t<\/div><\/figure>\n\t\t<\/div>\n\n","protected":false},"excerpt":{"rendered":"<p>Forjando la tradici\u00f3n productiva en nuestro j\u00f3venes rurales El proyecto Trazando Rumbos, impulsado por la Divisi\u00f3n de Estrategia (IDR) y el Programa Uruguay M\u00e1s Cerca (OPP), realizara durante los meses de setiembre y octubre la primera edici\u00f3n de la OVINATL\u00d3N, la cual tendr\u00e1 su gran final en la XVIII Expo Curticeiras. Dicho evento consiste en [&hellip;]<\/p>\n","protected":false},"author":2,"featured_media":1329,"comment_status":"open","ping_status":"open","sticky":false,"template":"","format":"standard","meta":{"footnotes":""},"categories":[1],"tags":[16,96,17],"_links":{"self":[{"href":"https:\/\/www.rivera.gub.uy\/medioambiente\/wp-json\/wp\/v2\/posts\/1325"}],"collection":[{"href":"https:\/\/www.rivera.gub.uy\/medioambiente\/wp-json\/wp\/v2\/posts"}],"about":[{"href":"https:\/\/www.rivera.gub.uy\/medioambiente\/wp-json\/wp\/v2\/types\/post"}],"author":[{"embeddable":true,"href":"https:\/\/www.rivera.gub.uy\/medioambiente\/wp-json\/wp\/v2\/users\/2"}],"replies":[{"embeddable":true,"href":"https:\/\/www.rivera.gub.uy\/medioambiente\/wp-json\/wp\/v2\/comments?post=1325"}],"version-history":[{"count":1,"href":"https:\/\/www.rivera.gub.uy\/medioambiente\/wp-json\/wp\/v2\/posts\/1325\/revisions"}],"predecessor-version":[{"id":1330,"href":"https:\/\/www.rivera.gub.uy\/medioambiente\/wp-json\/wp\/v2\/posts\/1325\/revisions\/1330"}],"wp:featuredmedia":[{"embeddable":true,"href":"https:\/\/www.rivera.gub.uy\/medioambiente\/wp-json\/wp\/v2\/media\/1329"}],"wp:attachment":[{"href":"https:\/\/www.rivera.gub.uy\/medioambiente\/wp-json\/wp\/v2\/media?parent=1325"}],"wp:term":[{"taxonomy":"category","embeddable":true,"href":"https:\/\/www.rivera.gub.uy\/medioambiente\/wp-json\/wp\/v2\/categories?post=1325"},{"taxonomy":"post_tag","embeddable":true,"href":"https:\/\/www.rivera.gub.uy\/medioambiente\/wp-json\/wp\/v2\/tags?post=1325"}],"curies":[{"name":"wp","href":"https:\/\/api.w.org\/{rel}","templated":true}]}}