{"id":1338,"date":"2018-09-21T18:17:34","date_gmt":"2018-09-21T18:17:34","guid":{"rendered":"http:\/\/www.rivera.gub.uy\/medioambiente\/?p=1338"},"modified":"2018-09-21T18:17:49","modified_gmt":"2018-09-21T18:17:49","slug":"curso-de-motosierra-para-trabajadores-forestales-y-carboneros","status":"publish","type":"post","link":"https:\/\/www.rivera.gub.uy\/medioambiente\/curso-de-motosierra-para-trabajadores-forestales-y-carboneros\/","title":{"rendered":"Curso de motosierra para trabajadores forestales y carboneros"},"content":{"rendered":"<p>La IDR y el INEFOP capacitan para el futuro<\/p>\n<p>El viernes 15 de setiembre en la ciudad de Rivera ha comenzado el curso \u201cManejo de motosierras\u201c, el mismo es financiado por el Instituto Nacional de Empleo y Formaci\u00f3n Profesional (INEFOP) y nace de una articulaci\u00f3n realizada por la Divisi\u00f3n Estrategias (IDR) frente al Comit\u00e9 Departamental de Empleo.<!--more--><\/p>\n<p>Como es ampliamente conocido el manejo de motosierras, con el respectivo carn\u00e9 de habilitaci\u00f3n, es una necesidad sentida de todo el sector forestal el cual identifica en este oficio una posibilidad de empleo a nivel local.<\/p>\n<p>El curso es impartido por la entidad capacitadora URBICLASS y participan en esta instancia 20 trabajadores de diferentes sectores como el forestal, ornato p\u00fablico y productores de carb\u00f3n. Las instancias te\u00f3ricas se realizaron en el predio de la \u201cLiga de F\u00fatbol de Rivera\u201d y en la sala de capacitaciones de IDR, mientras que la parte pr\u00e1ctica se viene desarrollando en el padr\u00f3n municipal N\u00b0 2819 perteneciente a la comuna riverense.<\/p>\n<p>Esta capacitaci\u00f3n cuenta con un total de 48 h y al culminar los participantes obtendr\u00e1n el carn\u00e9 de motosierrista que les permite operar dentro del rubro forestal.<\/p>\n<div id='gallery-1' class='gallery galleryid-1338 gallery-columns-3 gallery-size-thumbnail'><figure class='gallery-item'>\n\t\t\t<div class='gallery-icon landscape'>\n\t\t\t\t<a href='https:\/\/www.rivera.gub.uy\/medioambiente\/wp-content\/uploads\/2018\/09\/curso-de-motosierra-2.jpg'><img loading=\"lazy\" decoding=\"async\" width=\"150\" height=\"150\" src=\"https:\/\/www.rivera.gub.uy\/medioambiente\/wp-content\/uploads\/2018\/09\/curso-de-motosierra-2-150x150.jpg\" class=\"attachment-thumbnail size-thumbnail\" alt=\"\" \/><\/a>\n\t\t\t<\/div><\/figure><figure class='gallery-item'>\n\t\t\t<div class='gallery-icon landscape'>\n\t\t\t\t<a href='https:\/\/www.rivera.gub.uy\/medioambiente\/wp-content\/uploads\/2018\/09\/Curso-de-motosierra-foto.jpg'><img loading=\"lazy\" decoding=\"async\" width=\"150\" height=\"150\" src=\"https:\/\/www.rivera.gub.uy\/medioambiente\/wp-content\/uploads\/2018\/09\/Curso-de-motosierra-foto-150x150.jpg\" class=\"attachment-thumbnail size-thumbnail\" alt=\"\" \/><\/a>\n\t\t\t<\/div><\/figure><figure class='gallery-item'>\n\t\t\t<div class='gallery-icon landscape'>\n\t\t\t\t<a href='https:\/\/www.rivera.gub.uy\/medioambiente\/wp-content\/uploads\/2018\/09\/curso-motosierra.jpg'><img loading=\"lazy\" decoding=\"async\" width=\"150\" height=\"150\" src=\"https:\/\/www.rivera.gub.uy\/medioambiente\/wp-content\/uploads\/2018\/09\/curso-motosierra-150x150.jpg\" class=\"attachment-thumbnail size-thumbnail\" alt=\"\" \/><\/a>\n\t\t\t<\/div><\/figure>\n\t\t<\/div>\n\n","protected":false},"excerpt":{"rendered":"<p>La IDR y el INEFOP capacitan para el futuro El viernes 15 de setiembre en la ciudad de Rivera ha comenzado el curso \u201cManejo de motosierras\u201c, el mismo es financiado por el Instituto Nacional de Empleo y Formaci\u00f3n Profesional (INEFOP) y nace de una articulaci\u00f3n realizada por la Divisi\u00f3n Estrategias (IDR) frente al Comit\u00e9 Departamental [&hellip;]<\/p>\n","protected":false},"author":2,"featured_media":1340,"comment_status":"open","ping_status":"open","sticky":false,"template":"","format":"standard","meta":{"footnotes":""},"categories":[1],"tags":[20,16,21,17],"_links":{"self":[{"href":"https:\/\/www.rivera.gub.uy\/medioambiente\/wp-json\/wp\/v2\/posts\/1338"}],"collection":[{"href":"https:\/\/www.rivera.gub.uy\/medioambiente\/wp-json\/wp\/v2\/posts"}],"about":[{"href":"https:\/\/www.rivera.gub.uy\/medioambiente\/wp-json\/wp\/v2\/types\/post"}],"author":[{"embeddable":true,"href":"https:\/\/www.rivera.gub.uy\/medioambiente\/wp-json\/wp\/v2\/users\/2"}],"replies":[{"embeddable":true,"href":"https:\/\/www.rivera.gub.uy\/medioambiente\/wp-json\/wp\/v2\/comments?post=1338"}],"version-history":[{"count":1,"href":"https:\/\/www.rivera.gub.uy\/medioambiente\/wp-json\/wp\/v2\/posts\/1338\/revisions"}],"predecessor-version":[{"id":1342,"href":"https:\/\/www.rivera.gub.uy\/medioambiente\/wp-json\/wp\/v2\/posts\/1338\/revisions\/1342"}],"wp:featuredmedia":[{"embeddable":true,"href":"https:\/\/www.rivera.gub.uy\/medioambiente\/wp-json\/wp\/v2\/media\/1340"}],"wp:attachment":[{"href":"https:\/\/www.rivera.gub.uy\/medioambiente\/wp-json\/wp\/v2\/media?parent=1338"}],"wp:term":[{"taxonomy":"category","embeddable":true,"href":"https:\/\/www.rivera.gub.uy\/medioambiente\/wp-json\/wp\/v2\/categories?post=1338"},{"taxonomy":"post_tag","embeddable":true,"href":"https:\/\/www.rivera.gub.uy\/medioambiente\/wp-json\/wp\/v2\/tags?post=1338"}],"curies":[{"name":"wp","href":"https:\/\/api.w.org\/{rel}","templated":true}]}}