{"id":1343,"date":"2018-09-27T13:48:20","date_gmt":"2018-09-27T13:48:20","guid":{"rendered":"http:\/\/www.rivera.gub.uy\/medioambiente\/?p=1343"},"modified":"2018-09-27T13:48:20","modified_gmt":"2018-09-27T13:48:20","slug":"el-proyecto-fortalecimiento-ovino-acerca-tecnologias-innovadoras-a-los-productores-rurales-de-minas-de-corrales","status":"publish","type":"post","link":"https:\/\/www.rivera.gub.uy\/medioambiente\/el-proyecto-fortalecimiento-ovino-acerca-tecnologias-innovadoras-a-los-productores-rurales-de-minas-de-corrales\/","title":{"rendered":"El proyecto Fortalecimiento Ovino acerca tecnolog\u00edas innovadoras a los productores rurales de Minas de Corrales"},"content":{"rendered":"<p dir=\"ltr\">En la jornada del lunes, 24 de Setiembre de 2018, se realiz\u00f3 una visita t\u00e9cnica con los productores de Minas de Corrales que hacen parte del proyecto de Fortalecimiento Ovino de la Divisi\u00f3n Desarrollo Rural y la Divisi\u00f3n Estrategias de la Intendencia Departamental de Rivera al Centro de Innovaci\u00f3n y Capacitaci\u00f3n Ovina Mario Azzarini (CICOMA) en el departamento de Salto.<\/p>\n<p dir=\"ltr\">En dicho establecimiento, perteneciente al Secretariado Uruguayo de la Lana (Sul), se desarrollan capacitaciones y se validan tecnolog\u00edas en diversos temas como: manejo, alimentaci\u00f3n, lanas, mejoramiento gen\u00e9tico, reproducci\u00f3n, carne ovina, aspectos sanitarios y bienestar animal. En esta ocasi\u00f3n la actividad fue dirigida por el Ing. Agr. Ruben Argelaguet (Sul), quien mostr\u00f3 las nuevas tecnolog\u00edas que se vienen utilizando en el sector, como ser: utilizaci\u00f3n de corrales m\u00f3viles, locales cerrados de parici\u00f3n y protecci\u00f3n de tormentas, \u00a0manejo de las pasturas y potreros, el uso de comedores de auto-consumo y el trabajo de perros especializados (raza Pastor de Maremma) con el reba\u00f1o. De esta forma, los productores riverenses tuvieron la oportunidad de conocer una serie de herramientas innovadoras como tambi\u00e9n exponer detalles sobre sus experi\u00eancias, la cual ciertamente se vio enriquecida por el alto nivel t\u00e9cnico de la jornada.<\/p>\n<div id='gallery-1' class='gallery galleryid-1343 gallery-columns-3 gallery-size-thumbnail'><figure class='gallery-item'>\n\t\t\t<div class='gallery-icon landscape'>\n\t\t\t\t<a href='https:\/\/www.rivera.gub.uy\/medioambiente\/wp-content\/uploads\/2018\/09\/productores-visita-CICOMA.jpg'><img loading=\"lazy\" decoding=\"async\" width=\"150\" height=\"150\" src=\"https:\/\/www.rivera.gub.uy\/medioambiente\/wp-content\/uploads\/2018\/09\/productores-visita-CICOMA-150x150.jpg\" class=\"attachment-thumbnail size-thumbnail\" alt=\"\" \/><\/a>\n\t\t\t<\/div><\/figure><figure class='gallery-item'>\n\t\t\t<div class='gallery-icon landscape'>\n\t\t\t\t<a href='https:\/\/www.rivera.gub.uy\/medioambiente\/wp-content\/uploads\/2018\/09\/productores-visita-CICOMA2.jpg'><img loading=\"lazy\" decoding=\"async\" width=\"150\" height=\"150\" src=\"https:\/\/www.rivera.gub.uy\/medioambiente\/wp-content\/uploads\/2018\/09\/productores-visita-CICOMA2-150x150.jpg\" class=\"attachment-thumbnail size-thumbnail\" alt=\"\" \/><\/a>\n\t\t\t<\/div><\/figure><figure class='gallery-item'>\n\t\t\t<div class='gallery-icon landscape'>\n\t\t\t\t<a href='https:\/\/www.rivera.gub.uy\/medioambiente\/wp-content\/uploads\/2018\/09\/productores-visita-CICOMA3.jpg'><img loading=\"lazy\" decoding=\"async\" width=\"150\" height=\"150\" src=\"https:\/\/www.rivera.gub.uy\/medioambiente\/wp-content\/uploads\/2018\/09\/productores-visita-CICOMA3-150x150.jpg\" class=\"attachment-thumbnail size-thumbnail\" alt=\"\" \/><\/a>\n\t\t\t<\/div><\/figure>\n\t\t<\/div>\n\n","protected":false},"excerpt":{"rendered":"<p>En la jornada del lunes, 24 de Setiembre de 2018, se realiz\u00f3 una visita t\u00e9cnica con los productores de Minas de Corrales que hacen parte del proyecto de Fortalecimiento Ovino de la Divisi\u00f3n Desarrollo Rural y la Divisi\u00f3n Estrategias de la Intendencia Departamental de Rivera al Centro de Innovaci\u00f3n y Capacitaci\u00f3n Ovina Mario Azzarini (CICOMA) [&hellip;]<\/p>\n","protected":false},"author":2,"featured_media":1346,"comment_status":"open","ping_status":"open","sticky":false,"template":"","format":"standard","meta":{"footnotes":""},"categories":[1],"tags":[20,57,101,100],"_links":{"self":[{"href":"https:\/\/www.rivera.gub.uy\/medioambiente\/wp-json\/wp\/v2\/posts\/1343"}],"collection":[{"href":"https:\/\/www.rivera.gub.uy\/medioambiente\/wp-json\/wp\/v2\/posts"}],"about":[{"href":"https:\/\/www.rivera.gub.uy\/medioambiente\/wp-json\/wp\/v2\/types\/post"}],"author":[{"embeddable":true,"href":"https:\/\/www.rivera.gub.uy\/medioambiente\/wp-json\/wp\/v2\/users\/2"}],"replies":[{"embeddable":true,"href":"https:\/\/www.rivera.gub.uy\/medioambiente\/wp-json\/wp\/v2\/comments?post=1343"}],"version-history":[{"count":1,"href":"https:\/\/www.rivera.gub.uy\/medioambiente\/wp-json\/wp\/v2\/posts\/1343\/revisions"}],"predecessor-version":[{"id":1347,"href":"https:\/\/www.rivera.gub.uy\/medioambiente\/wp-json\/wp\/v2\/posts\/1343\/revisions\/1347"}],"wp:featuredmedia":[{"embeddable":true,"href":"https:\/\/www.rivera.gub.uy\/medioambiente\/wp-json\/wp\/v2\/media\/1346"}],"wp:attachment":[{"href":"https:\/\/www.rivera.gub.uy\/medioambiente\/wp-json\/wp\/v2\/media?parent=1343"}],"wp:term":[{"taxonomy":"category","embeddable":true,"href":"https:\/\/www.rivera.gub.uy\/medioambiente\/wp-json\/wp\/v2\/categories?post=1343"},{"taxonomy":"post_tag","embeddable":true,"href":"https:\/\/www.rivera.gub.uy\/medioambiente\/wp-json\/wp\/v2\/tags?post=1343"}],"curies":[{"name":"wp","href":"https:\/\/api.w.org\/{rel}","templated":true}]}}