{"id":13536,"date":"2024-01-10T13:59:40","date_gmt":"2024-01-10T13:59:40","guid":{"rendered":"https:\/\/www.rivera.gub.uy\/medioambiente\/?p=13536"},"modified":"2024-01-10T14:00:17","modified_gmt":"2024-01-10T14:00:17","slug":"curso-gratuito-de-instalacion-de-wood-frame","status":"publish","type":"post","link":"https:\/\/www.rivera.gub.uy\/medioambiente\/curso-gratuito-de-instalacion-de-wood-frame\/","title":{"rendered":"Curso gratuito de Instalaci\u00f3n de Wood Frame"},"content":{"rendered":"<p>En el mes de febrero comenzar\u00e1 un nuevo curso de Instalaci\u00f3n de Wood Frame, llevado a cabo por la IDR e INEFOP.<!--more--><\/p>\n<p>Las postulaciones se realizan a trav\u00e9s de <a href=\"https:\/\/oportunidades.inefop.uy\/cursos-inscripcion\/detalle\/?courseId=216\" target=\"_blank\" rel=\"noopener\">oportunidades.inefop.uy<\/a>.<\/p>\n<p>Con el objetivo de capacitar en instalaciones en el sistema constructivo Wood Frame, este curso es dirigido a personas mayores de 18 a\u00f1os, sin conocimientos previos, para realizar obras de autoconstrucci\u00f3n y mejorar sus posibilidades de empleo.<\/p>\n<p>Dicho curso es en modalidad presencial, de lunes a viernes, durante el mes de febrero de 2024.<\/p>\n<p>&nbsp;<\/p>\n<div id='gallery-1' class='gallery galleryid-13536 gallery-columns-2 gallery-size-medium'><figure class='gallery-item'>\n\t\t\t<div class='gallery-icon landscape'>\n\t\t\t\t<a href='https:\/\/www.rivera.gub.uy\/medioambiente\/wp-content\/uploads\/2024\/01\/WhatsApp-Image-2024-01-10-at-9.54.53-AM.jpeg'><img loading=\"lazy\" decoding=\"async\" width=\"300\" height=\"300\" src=\"https:\/\/www.rivera.gub.uy\/medioambiente\/wp-content\/uploads\/2024\/01\/WhatsApp-Image-2024-01-10-at-9.54.53-AM-300x300.jpeg\" class=\"attachment-medium size-medium\" alt=\"\" srcset=\"https:\/\/www.rivera.gub.uy\/medioambiente\/wp-content\/uploads\/2024\/01\/WhatsApp-Image-2024-01-10-at-9.54.53-AM-300x300.jpeg 300w, https:\/\/www.rivera.gub.uy\/medioambiente\/wp-content\/uploads\/2024\/01\/WhatsApp-Image-2024-01-10-at-9.54.53-AM-150x150.jpeg 150w, https:\/\/www.rivera.gub.uy\/medioambiente\/wp-content\/uploads\/2024\/01\/WhatsApp-Image-2024-01-10-at-9.54.53-AM-768x768.jpeg 768w, https:\/\/www.rivera.gub.uy\/medioambiente\/wp-content\/uploads\/2024\/01\/WhatsApp-Image-2024-01-10-at-9.54.53-AM.jpeg 800w\" sizes=\"(max-width: 300px) 100vw, 300px\" \/><\/a>\n\t\t\t<\/div><\/figure><figure class='gallery-item'>\n\t\t\t<div class='gallery-icon landscape'>\n\t\t\t\t<a href='https:\/\/www.rivera.gub.uy\/medioambiente\/wp-content\/uploads\/2024\/01\/WhatsApp-Image-2024-01-10-at-9.54.53-AM-1.jpeg'><img loading=\"lazy\" decoding=\"async\" width=\"300\" height=\"300\" src=\"https:\/\/www.rivera.gub.uy\/medioambiente\/wp-content\/uploads\/2024\/01\/WhatsApp-Image-2024-01-10-at-9.54.53-AM-1-300x300.jpeg\" class=\"attachment-medium size-medium\" alt=\"\" srcset=\"https:\/\/www.rivera.gub.uy\/medioambiente\/wp-content\/uploads\/2024\/01\/WhatsApp-Image-2024-01-10-at-9.54.53-AM-1-300x300.jpeg 300w, https:\/\/www.rivera.gub.uy\/medioambiente\/wp-content\/uploads\/2024\/01\/WhatsApp-Image-2024-01-10-at-9.54.53-AM-1-150x150.jpeg 150w, https:\/\/www.rivera.gub.uy\/medioambiente\/wp-content\/uploads\/2024\/01\/WhatsApp-Image-2024-01-10-at-9.54.53-AM-1-768x768.jpeg 768w, https:\/\/www.rivera.gub.uy\/medioambiente\/wp-content\/uploads\/2024\/01\/WhatsApp-Image-2024-01-10-at-9.54.53-AM-1.jpeg 800w\" sizes=\"(max-width: 300px) 100vw, 300px\" \/><\/a>\n\t\t\t<\/div><\/figure>\n\t\t<\/div>\n\n","protected":false},"excerpt":{"rendered":"<p>En el mes de febrero comenzar\u00e1 un nuevo curso de Instalaci\u00f3n de Wood Frame, llevado a cabo por la IDR e INEFOP.<\/p>\n","protected":false},"author":1,"featured_media":13541,"comment_status":"open","ping_status":"open","sticky":false,"template":"","format":"standard","meta":{"footnotes":""},"categories":[1],"tags":[],"_links":{"self":[{"href":"https:\/\/www.rivera.gub.uy\/medioambiente\/wp-json\/wp\/v2\/posts\/13536"}],"collection":[{"href":"https:\/\/www.rivera.gub.uy\/medioambiente\/wp-json\/wp\/v2\/posts"}],"about":[{"href":"https:\/\/www.rivera.gub.uy\/medioambiente\/wp-json\/wp\/v2\/types\/post"}],"author":[{"embeddable":true,"href":"https:\/\/www.rivera.gub.uy\/medioambiente\/wp-json\/wp\/v2\/users\/1"}],"replies":[{"embeddable":true,"href":"https:\/\/www.rivera.gub.uy\/medioambiente\/wp-json\/wp\/v2\/comments?post=13536"}],"version-history":[{"count":1,"href":"https:\/\/www.rivera.gub.uy\/medioambiente\/wp-json\/wp\/v2\/posts\/13536\/revisions"}],"predecessor-version":[{"id":13542,"href":"https:\/\/www.rivera.gub.uy\/medioambiente\/wp-json\/wp\/v2\/posts\/13536\/revisions\/13542"}],"wp:featuredmedia":[{"embeddable":true,"href":"https:\/\/www.rivera.gub.uy\/medioambiente\/wp-json\/wp\/v2\/media\/13541"}],"wp:attachment":[{"href":"https:\/\/www.rivera.gub.uy\/medioambiente\/wp-json\/wp\/v2\/media?parent=13536"}],"wp:term":[{"taxonomy":"category","embeddable":true,"href":"https:\/\/www.rivera.gub.uy\/medioambiente\/wp-json\/wp\/v2\/categories?post=13536"},{"taxonomy":"post_tag","embeddable":true,"href":"https:\/\/www.rivera.gub.uy\/medioambiente\/wp-json\/wp\/v2\/tags?post=13536"}],"curies":[{"name":"wp","href":"https:\/\/api.w.org\/{rel}","templated":true}]}}