{"id":13658,"date":"2024-01-30T17:41:56","date_gmt":"2024-01-30T17:41:56","guid":{"rendered":"https:\/\/www.rivera.gub.uy\/medioambiente\/?p=13658"},"modified":"2024-01-30T17:46:10","modified_gmt":"2024-01-30T17:46:10","slug":"programa-templar-entrenamiento-en-competencias-transversales","status":"publish","type":"post","link":"https:\/\/www.rivera.gub.uy\/medioambiente\/programa-templar-entrenamiento-en-competencias-transversales\/","title":{"rendered":"Programa Templar: entrenamiento en competencias transversales"},"content":{"rendered":"<p><strong>\u00bfQu\u00e9 es Templar?<\/strong><br \/>\nTemplar es un entrenamiento en competencias transversales (tambi\u00e9n llamadas \u00abhabilidades blandas\u00bb o \u00absocioemocionales\u00bb), que te ayudar\u00e1 a mejorar tus condiciones de acceso y sostenimiento del empleo.<!--more--><\/p>\n<p><strong>\u00bfQu\u00e9 competencias transversales se entrenan?<\/strong><br \/>\nEn cada grupo se seleccionar\u00e1n tres competencias de las siguientes, para que puedas focalizar tus esfuerzos y alcanzar grandes resultados.<\/p>\n<p><strong>\u00bfC\u00f3mo funciona?<\/strong><br \/>\nTiene una duraci\u00f3n de 5 semanas. La dedicaci\u00f3n semanal estimada es de 4-5hs. En total ser\u00e1n unas 20 horas de entrenamiento en una modalidad totalmente virtual.<\/p>\n<p>Previo a comenzar, los\/as interesados\/as participan de un Taller pre-inicio de 45 minutos, donde conocer\u00e1n m\u00e1s del programa, la modalidad de trabajo y brindar\u00e1n su compromiso con el entrenamiento.<\/p>\n<p>Hablamos de entrenamiento y no de un curso, porque en este programa el participante pondr\u00e1 en pr\u00e1ctica su habilidad para resolver problemas laborales, incorporando nuevas estrategias y reflexionando sobre sus pr\u00e1cticas actuales.<\/p>\n<p>El entrenador ser\u00e1 un\/a tutor\/a con formaci\u00f3n y experiencia en desarrollo de habilidades, capacidades y actitudes. Durante todo el entrenamiento el\/la tutor\/a ser\u00e1 una gu\u00eda para alcanzar los mejores resultados.<\/p>\n<p>Todo lo trabajado durante el entrenamiento ser\u00e1 tratado con confidencialidad, promoviendo la sinceridad y compromiso de los\/as participantes en la mejora de sus competencias transversales.<\/p>\n<p>Al finalizar cada participante recibe una devoluci\u00f3n individual, confidencia y\u00a0personalizada.<\/p>\n<p>Inscripciones en el siguiente link <a href=\"https:\/\/wa.link\/ukcy6g\">https:\/\/wa.link\/ukcy6g<\/a> o en forma presencial en Agraciada 570, piso 1 (IDR &#8211; Oficina CEPE).<\/p>\n<p>&nbsp;<\/p>\n<div id='gallery-1' class='gallery galleryid-13658 gallery-columns-4 gallery-size-thumbnail'><figure class='gallery-item'>\n\t\t\t<div class='gallery-icon landscape'>\n\t\t\t\t<a href='https:\/\/www.rivera.gub.uy\/medioambiente\/wp-content\/uploads\/2024\/01\/WhatsApp-Image-2024-01-30-at-2.31.00-PM.jpeg'><img loading=\"lazy\" decoding=\"async\" width=\"150\" height=\"150\" src=\"https:\/\/www.rivera.gub.uy\/medioambiente\/wp-content\/uploads\/2024\/01\/WhatsApp-Image-2024-01-30-at-2.31.00-PM-150x150.jpeg\" class=\"attachment-thumbnail size-thumbnail\" alt=\"\" srcset=\"https:\/\/www.rivera.gub.uy\/medioambiente\/wp-content\/uploads\/2024\/01\/WhatsApp-Image-2024-01-30-at-2.31.00-PM-150x150.jpeg 150w, https:\/\/www.rivera.gub.uy\/medioambiente\/wp-content\/uploads\/2024\/01\/WhatsApp-Image-2024-01-30-at-2.31.00-PM-300x300.jpeg 300w, https:\/\/www.rivera.gub.uy\/medioambiente\/wp-content\/uploads\/2024\/01\/WhatsApp-Image-2024-01-30-at-2.31.00-PM-1024x1024.jpeg 1024w, https:\/\/www.rivera.gub.uy\/medioambiente\/wp-content\/uploads\/2024\/01\/WhatsApp-Image-2024-01-30-at-2.31.00-PM-768x768.jpeg 768w, https:\/\/www.rivera.gub.uy\/medioambiente\/wp-content\/uploads\/2024\/01\/WhatsApp-Image-2024-01-30-at-2.31.00-PM-1536x1536.jpeg 1536w, https:\/\/www.rivera.gub.uy\/medioambiente\/wp-content\/uploads\/2024\/01\/WhatsApp-Image-2024-01-30-at-2.31.00-PM-820x820.jpeg 820w, https:\/\/www.rivera.gub.uy\/medioambiente\/wp-content\/uploads\/2024\/01\/WhatsApp-Image-2024-01-30-at-2.31.00-PM.jpeg 1600w\" sizes=\"(max-width: 150px) 100vw, 150px\" \/><\/a>\n\t\t\t<\/div><\/figure><figure class='gallery-item'>\n\t\t\t<div class='gallery-icon landscape'>\n\t\t\t\t<a href='https:\/\/www.rivera.gub.uy\/medioambiente\/wp-content\/uploads\/2024\/01\/WhatsApp-Image-2024-01-30-at-2.30.59-PM.jpeg'><img loading=\"lazy\" decoding=\"async\" width=\"150\" height=\"150\" src=\"https:\/\/www.rivera.gub.uy\/medioambiente\/wp-content\/uploads\/2024\/01\/WhatsApp-Image-2024-01-30-at-2.30.59-PM-150x150.jpeg\" class=\"attachment-thumbnail size-thumbnail\" alt=\"\" srcset=\"https:\/\/www.rivera.gub.uy\/medioambiente\/wp-content\/uploads\/2024\/01\/WhatsApp-Image-2024-01-30-at-2.30.59-PM-150x150.jpeg 150w, https:\/\/www.rivera.gub.uy\/medioambiente\/wp-content\/uploads\/2024\/01\/WhatsApp-Image-2024-01-30-at-2.30.59-PM-300x300.jpeg 300w, https:\/\/www.rivera.gub.uy\/medioambiente\/wp-content\/uploads\/2024\/01\/WhatsApp-Image-2024-01-30-at-2.30.59-PM-1024x1024.jpeg 1024w, https:\/\/www.rivera.gub.uy\/medioambiente\/wp-content\/uploads\/2024\/01\/WhatsApp-Image-2024-01-30-at-2.30.59-PM-768x768.jpeg 768w, https:\/\/www.rivera.gub.uy\/medioambiente\/wp-content\/uploads\/2024\/01\/WhatsApp-Image-2024-01-30-at-2.30.59-PM-1536x1536.jpeg 1536w, https:\/\/www.rivera.gub.uy\/medioambiente\/wp-content\/uploads\/2024\/01\/WhatsApp-Image-2024-01-30-at-2.30.59-PM-820x819.jpeg 820w, https:\/\/www.rivera.gub.uy\/medioambiente\/wp-content\/uploads\/2024\/01\/WhatsApp-Image-2024-01-30-at-2.30.59-PM.jpeg 1600w\" sizes=\"(max-width: 150px) 100vw, 150px\" \/><\/a>\n\t\t\t<\/div><\/figure><figure class='gallery-item'>\n\t\t\t<div class='gallery-icon landscape'>\n\t\t\t\t<a href='https:\/\/www.rivera.gub.uy\/medioambiente\/wp-content\/uploads\/2024\/01\/WhatsApp-Image-2024-01-30-at-2.31.00-PM-2.jpeg'><img loading=\"lazy\" decoding=\"async\" width=\"150\" height=\"150\" src=\"https:\/\/www.rivera.gub.uy\/medioambiente\/wp-content\/uploads\/2024\/01\/WhatsApp-Image-2024-01-30-at-2.31.00-PM-2-150x150.jpeg\" class=\"attachment-thumbnail size-thumbnail\" alt=\"\" srcset=\"https:\/\/www.rivera.gub.uy\/medioambiente\/wp-content\/uploads\/2024\/01\/WhatsApp-Image-2024-01-30-at-2.31.00-PM-2-150x150.jpeg 150w, https:\/\/www.rivera.gub.uy\/medioambiente\/wp-content\/uploads\/2024\/01\/WhatsApp-Image-2024-01-30-at-2.31.00-PM-2-300x300.jpeg 300w, https:\/\/www.rivera.gub.uy\/medioambiente\/wp-content\/uploads\/2024\/01\/WhatsApp-Image-2024-01-30-at-2.31.00-PM-2-1024x1024.jpeg 1024w, https:\/\/www.rivera.gub.uy\/medioambiente\/wp-content\/uploads\/2024\/01\/WhatsApp-Image-2024-01-30-at-2.31.00-PM-2-768x768.jpeg 768w, https:\/\/www.rivera.gub.uy\/medioambiente\/wp-content\/uploads\/2024\/01\/WhatsApp-Image-2024-01-30-at-2.31.00-PM-2-1536x1536.jpeg 1536w, https:\/\/www.rivera.gub.uy\/medioambiente\/wp-content\/uploads\/2024\/01\/WhatsApp-Image-2024-01-30-at-2.31.00-PM-2-820x819.jpeg 820w, https:\/\/www.rivera.gub.uy\/medioambiente\/wp-content\/uploads\/2024\/01\/WhatsApp-Image-2024-01-30-at-2.31.00-PM-2.jpeg 1600w\" sizes=\"(max-width: 150px) 100vw, 150px\" \/><\/a>\n\t\t\t<\/div><\/figure><figure class='gallery-item'>\n\t\t\t<div class='gallery-icon landscape'>\n\t\t\t\t<a href='https:\/\/www.rivera.gub.uy\/medioambiente\/wp-content\/uploads\/2024\/01\/WhatsApp-Image-2024-01-30-at-2.31.00-PM-1.jpeg'><img loading=\"lazy\" decoding=\"async\" width=\"150\" height=\"150\" src=\"https:\/\/www.rivera.gub.uy\/medioambiente\/wp-content\/uploads\/2024\/01\/WhatsApp-Image-2024-01-30-at-2.31.00-PM-1-150x150.jpeg\" class=\"attachment-thumbnail size-thumbnail\" alt=\"\" srcset=\"https:\/\/www.rivera.gub.uy\/medioambiente\/wp-content\/uploads\/2024\/01\/WhatsApp-Image-2024-01-30-at-2.31.00-PM-1-150x150.jpeg 150w, https:\/\/www.rivera.gub.uy\/medioambiente\/wp-content\/uploads\/2024\/01\/WhatsApp-Image-2024-01-30-at-2.31.00-PM-1-300x300.jpeg 300w, https:\/\/www.rivera.gub.uy\/medioambiente\/wp-content\/uploads\/2024\/01\/WhatsApp-Image-2024-01-30-at-2.31.00-PM-1-1024x1024.jpeg 1024w, https:\/\/www.rivera.gub.uy\/medioambiente\/wp-content\/uploads\/2024\/01\/WhatsApp-Image-2024-01-30-at-2.31.00-PM-1-768x768.jpeg 768w, https:\/\/www.rivera.gub.uy\/medioambiente\/wp-content\/uploads\/2024\/01\/WhatsApp-Image-2024-01-30-at-2.31.00-PM-1-1536x1536.jpeg 1536w, https:\/\/www.rivera.gub.uy\/medioambiente\/wp-content\/uploads\/2024\/01\/WhatsApp-Image-2024-01-30-at-2.31.00-PM-1-820x819.jpeg 820w, https:\/\/www.rivera.gub.uy\/medioambiente\/wp-content\/uploads\/2024\/01\/WhatsApp-Image-2024-01-30-at-2.31.00-PM-1.jpeg 1600w\" sizes=\"(max-width: 150px) 100vw, 150px\" \/><\/a>\n\t\t\t<\/div><\/figure>\n\t\t<\/div>\n\n","protected":false},"excerpt":{"rendered":"<p>\u00bfQu\u00e9 es Templar? Templar es un entrenamiento en competencias transversales (tambi\u00e9n llamadas \u00abhabilidades blandas\u00bb o \u00absocioemocionales\u00bb), que te ayudar\u00e1 a mejorar tus condiciones de acceso y sostenimiento del empleo.<\/p>\n","protected":false},"author":1,"featured_media":13664,"comment_status":"open","ping_status":"open","sticky":false,"template":"","format":"standard","meta":{"footnotes":""},"categories":[1],"tags":[],"_links":{"self":[{"href":"https:\/\/www.rivera.gub.uy\/medioambiente\/wp-json\/wp\/v2\/posts\/13658"}],"collection":[{"href":"https:\/\/www.rivera.gub.uy\/medioambiente\/wp-json\/wp\/v2\/posts"}],"about":[{"href":"https:\/\/www.rivera.gub.uy\/medioambiente\/wp-json\/wp\/v2\/types\/post"}],"author":[{"embeddable":true,"href":"https:\/\/www.rivera.gub.uy\/medioambiente\/wp-json\/wp\/v2\/users\/1"}],"replies":[{"embeddable":true,"href":"https:\/\/www.rivera.gub.uy\/medioambiente\/wp-json\/wp\/v2\/comments?post=13658"}],"version-history":[{"count":4,"href":"https:\/\/www.rivera.gub.uy\/medioambiente\/wp-json\/wp\/v2\/posts\/13658\/revisions"}],"predecessor-version":[{"id":13667,"href":"https:\/\/www.rivera.gub.uy\/medioambiente\/wp-json\/wp\/v2\/posts\/13658\/revisions\/13667"}],"wp:featuredmedia":[{"embeddable":true,"href":"https:\/\/www.rivera.gub.uy\/medioambiente\/wp-json\/wp\/v2\/media\/13664"}],"wp:attachment":[{"href":"https:\/\/www.rivera.gub.uy\/medioambiente\/wp-json\/wp\/v2\/media?parent=13658"}],"wp:term":[{"taxonomy":"category","embeddable":true,"href":"https:\/\/www.rivera.gub.uy\/medioambiente\/wp-json\/wp\/v2\/categories?post=13658"},{"taxonomy":"post_tag","embeddable":true,"href":"https:\/\/www.rivera.gub.uy\/medioambiente\/wp-json\/wp\/v2\/tags?post=13658"}],"curies":[{"name":"wp","href":"https:\/\/api.w.org\/{rel}","templated":true}]}}