{"id":1366,"date":"2018-10-22T17:15:13","date_gmt":"2018-10-22T17:15:13","guid":{"rendered":"http:\/\/www.rivera.gub.uy\/medioambiente\/?p=1366"},"modified":"2018-10-22T17:15:40","modified_gmt":"2018-10-22T17:15:40","slug":"redema-presente-en-importante-evento-cientifico-de-uruguay","status":"publish","type":"post","link":"https:\/\/www.rivera.gub.uy\/medioambiente\/redema-presente-en-importante-evento-cientifico-de-uruguay\/","title":{"rendered":"REDEMA presente en importante evento cient\u00edfico de Uruguay"},"content":{"rendered":"<p><a href=\"http:\/\/www.rivera.gub.uy\/medioambiente\/estrategias\/desarrollo-empresarial\/redema\/\" target=\"_blank\" rel=\"noopener\">Redema<\/a> present\u00f3\u00a0en \u00abIngenier\u00eda de Muestra\u00bb,\u00a0las actividades desarrolladas en dicho proyecto.<\/p>\n<p>En el evento, la\u00a0Red fue representada por su gerente ejecutora, Ing.Agr. Paola Serrentino, y el Secret\u00e1rio T\u00e9cnico, Tcnglo. Anthony Venini.<\/p>\n<p><!--more--><\/p>\n<p>Organizada por la Facultad de Ingenier\u00eda de la Universidad de la Rep\u00fablica y su Fundaci\u00f3n Julio Ricaldoni, Ingenier\u00eda de Muestra es una feria cient\u00edfico-tecnol\u00f3gica que cada a\u00f1o re\u00fane a un p\u00fablico heterog\u00e9neo, que llega para descubrir e interactuar con desarrollos vinculados a la rob\u00f3tica, la energ\u00eda, la salud, el agro y el transporte, entre otras tem\u00e1ticas.<\/p>\n<p>La primera se realiz\u00f3 en 2009 a partir de una muestra de proyectos de fin de carrera del Instituto de Ingenier\u00eda El\u00e9ctrica de Fing. Desde entonces, la feria no ha dejado de crecer. Desde 2015 se extiende durante tres d\u00edas y abarca m\u00e1s de 1500 metros cuadrados de exposici\u00f3n, los que albergan m\u00e1s de 100 proyectos y reciben a m\u00e1s de 5000 visitantes. En esta edici\u00f3n, para celebrar los 10 a\u00f1os, la muestra lleg\u00f3 al interior del pa\u00eds, en Tacuaremb\u00f3.<\/p>\n<div id='gallery-1' class='gallery galleryid-1366 gallery-columns-2 gallery-size-thumbnail'><figure class='gallery-item'>\n\t\t\t<div class='gallery-icon portrait'>\n\t\t\t\t<a href='https:\/\/www.rivera.gub.uy\/medioambiente\/wp-content\/uploads\/2018\/10\/redema.jpg'><img loading=\"lazy\" decoding=\"async\" width=\"150\" height=\"150\" src=\"https:\/\/www.rivera.gub.uy\/medioambiente\/wp-content\/uploads\/2018\/10\/redema-150x150.jpg\" class=\"attachment-thumbnail size-thumbnail\" alt=\"\" \/><\/a>\n\t\t\t<\/div><\/figure><figure class='gallery-item'>\n\t\t\t<div class='gallery-icon landscape'>\n\t\t\t\t<a href='https:\/\/www.rivera.gub.uy\/medioambiente\/wp-content\/uploads\/2018\/10\/redema2.jpg'><img loading=\"lazy\" decoding=\"async\" width=\"150\" height=\"150\" src=\"https:\/\/www.rivera.gub.uy\/medioambiente\/wp-content\/uploads\/2018\/10\/redema2-150x150.jpg\" class=\"attachment-thumbnail size-thumbnail\" alt=\"\" \/><\/a>\n\t\t\t<\/div><\/figure>\n\t\t<\/div>\n\n","protected":false},"excerpt":{"rendered":"<p>Redema present\u00f3\u00a0en \u00abIngenier\u00eda de Muestra\u00bb,\u00a0las actividades desarrolladas en dicho proyecto. En el evento, la\u00a0Red fue representada por su gerente ejecutora, Ing.Agr. Paola Serrentino, y el Secret\u00e1rio T\u00e9cnico, Tcnglo. Anthony Venini.<\/p>\n","protected":false},"author":2,"featured_media":1368,"comment_status":"open","ping_status":"open","sticky":false,"template":"","format":"standard","meta":{"footnotes":""},"categories":[1],"tags":[16,55,17],"_links":{"self":[{"href":"https:\/\/www.rivera.gub.uy\/medioambiente\/wp-json\/wp\/v2\/posts\/1366"}],"collection":[{"href":"https:\/\/www.rivera.gub.uy\/medioambiente\/wp-json\/wp\/v2\/posts"}],"about":[{"href":"https:\/\/www.rivera.gub.uy\/medioambiente\/wp-json\/wp\/v2\/types\/post"}],"author":[{"embeddable":true,"href":"https:\/\/www.rivera.gub.uy\/medioambiente\/wp-json\/wp\/v2\/users\/2"}],"replies":[{"embeddable":true,"href":"https:\/\/www.rivera.gub.uy\/medioambiente\/wp-json\/wp\/v2\/comments?post=1366"}],"version-history":[{"count":1,"href":"https:\/\/www.rivera.gub.uy\/medioambiente\/wp-json\/wp\/v2\/posts\/1366\/revisions"}],"predecessor-version":[{"id":1369,"href":"https:\/\/www.rivera.gub.uy\/medioambiente\/wp-json\/wp\/v2\/posts\/1366\/revisions\/1369"}],"wp:featuredmedia":[{"embeddable":true,"href":"https:\/\/www.rivera.gub.uy\/medioambiente\/wp-json\/wp\/v2\/media\/1368"}],"wp:attachment":[{"href":"https:\/\/www.rivera.gub.uy\/medioambiente\/wp-json\/wp\/v2\/media?parent=1366"}],"wp:term":[{"taxonomy":"category","embeddable":true,"href":"https:\/\/www.rivera.gub.uy\/medioambiente\/wp-json\/wp\/v2\/categories?post=1366"},{"taxonomy":"post_tag","embeddable":true,"href":"https:\/\/www.rivera.gub.uy\/medioambiente\/wp-json\/wp\/v2\/tags?post=1366"}],"curies":[{"name":"wp","href":"https:\/\/api.w.org\/{rel}","templated":true}]}}