{"id":1374,"date":"2018-10-17T12:46:05","date_gmt":"2018-10-17T12:46:05","guid":{"rendered":"http:\/\/www.rivera.gub.uy\/medioambiente\/?p=1374"},"modified":"2018-10-24T13:10:50","modified_gmt":"2018-10-24T13:10:50","slug":"dialogo-por-el-empleo","status":"publish","type":"post","link":"https:\/\/www.rivera.gub.uy\/medioambiente\/dialogo-por-el-empleo\/","title":{"rendered":"Di\u00e1logo por el empleo"},"content":{"rendered":"<p>El pasado jueves 11, se llev\u00f3 a cabo el\u00a0Encuentro de Comit\u00e9s de Di\u00e1logo por el empleo, en la ciudad de Fray Bentos.<\/p>\n<p>En dicho evento, estuvieron presentes representantes de la Unidad de Desarrollo (IDR) junto a delegados del Plenario Intersindical de Trabajadores (PIT-CNT), organizaciones afro y la Agencia de Desarrollo de Rivera (ADR).<!--more--><\/p>\n<p>Adem\u00e1s, participaron los comit\u00e9s de R\u00edo Negro, Maldonado, Las Piedras y Rivera, localidades estas donde ya se ha impulsado un proceso de di\u00e1logo por el empleo. Estos procesos tienen por objetivo establecer acuerdos de trabajo entre los sectores empresariales, trabajadores e instituciones p\u00fablicas en pro de lograr mejoras en la calidad de empleo.<\/p>\n<p>Este evento, en donde se\u00a0intercambiaron experiencias de cada departamento, cont\u00f3 con la moderaci\u00f3n por parte del MTSS y del INEFOP.<\/p>\n","protected":false},"excerpt":{"rendered":"<p>El pasado jueves 11, se llev\u00f3 a cabo el\u00a0Encuentro de Comit\u00e9s de Di\u00e1logo por el empleo, en la ciudad de Fray Bentos. En dicho evento, estuvieron presentes representantes de la Unidad de Desarrollo (IDR) junto a delegados del Plenario Intersindical de Trabajadores (PIT-CNT), organizaciones afro y la Agencia de Desarrollo de Rivera (ADR).<\/p>\n","protected":false},"author":2,"featured_media":1375,"comment_status":"open","ping_status":"open","sticky":false,"template":"","format":"standard","meta":{"footnotes":""},"categories":[1],"tags":[103,16,17],"_links":{"self":[{"href":"https:\/\/www.rivera.gub.uy\/medioambiente\/wp-json\/wp\/v2\/posts\/1374"}],"collection":[{"href":"https:\/\/www.rivera.gub.uy\/medioambiente\/wp-json\/wp\/v2\/posts"}],"about":[{"href":"https:\/\/www.rivera.gub.uy\/medioambiente\/wp-json\/wp\/v2\/types\/post"}],"author":[{"embeddable":true,"href":"https:\/\/www.rivera.gub.uy\/medioambiente\/wp-json\/wp\/v2\/users\/2"}],"replies":[{"embeddable":true,"href":"https:\/\/www.rivera.gub.uy\/medioambiente\/wp-json\/wp\/v2\/comments?post=1374"}],"version-history":[{"count":2,"href":"https:\/\/www.rivera.gub.uy\/medioambiente\/wp-json\/wp\/v2\/posts\/1374\/revisions"}],"predecessor-version":[{"id":1377,"href":"https:\/\/www.rivera.gub.uy\/medioambiente\/wp-json\/wp\/v2\/posts\/1374\/revisions\/1377"}],"wp:featuredmedia":[{"embeddable":true,"href":"https:\/\/www.rivera.gub.uy\/medioambiente\/wp-json\/wp\/v2\/media\/1375"}],"wp:attachment":[{"href":"https:\/\/www.rivera.gub.uy\/medioambiente\/wp-json\/wp\/v2\/media?parent=1374"}],"wp:term":[{"taxonomy":"category","embeddable":true,"href":"https:\/\/www.rivera.gub.uy\/medioambiente\/wp-json\/wp\/v2\/categories?post=1374"},{"taxonomy":"post_tag","embeddable":true,"href":"https:\/\/www.rivera.gub.uy\/medioambiente\/wp-json\/wp\/v2\/tags?post=1374"}],"curies":[{"name":"wp","href":"https:\/\/api.w.org\/{rel}","templated":true}]}}