{"id":1380,"date":"2018-10-30T14:29:05","date_gmt":"2018-10-30T14:29:05","guid":{"rendered":"http:\/\/www.rivera.gub.uy\/medioambiente\/?p=1380"},"modified":"2018-10-30T14:29:10","modified_gmt":"2018-10-30T14:29:10","slug":"siepe-2018","status":"publish","type":"post","link":"https:\/\/www.rivera.gub.uy\/medioambiente\/siepe-2018\/","title":{"rendered":"SIEPE 2018"},"content":{"rendered":"<p>La 10\u00b0 edici\u00f3n de SIEPE (Sal\u00e3o Internacional de Ensino, Pesquisa e Extens\u00e3o), se realizar\u00e1 en Santana do Livramento (Brasil) y Rivera (Uruguay) los d\u00edas 6, 7 y 8 de noviembre de 2018.<\/p>\n<p>El pasado 24 de octubre, tuvo lugar la presentaci\u00f3n oficial del evento, en el Ministerio de Turismo. All\u00ed se hicieron presentes la Secretaria Binacional de Educaci\u00f3n Superior de la IDR, el Prefeito Municipal de Santana do Livramento, Solimar Charopen Gon\u00e7alves, el Director Nacional de Turismo y la Comisi\u00f3n Organizadora del SIEPE (UdelaR, UniPampa, Utec e IFSul). Adem\u00e1s, fueron recibidos por el Consejero de UTEC, Dr. Rodolfo Silveira y el Director General de INEFOP, Eduardo Pereyra.<!--more--><\/p>\n<p>En lo que respecta a la dimensi\u00f3n acad\u00e9mica propiamente dicha, el SIEPE cuenta con: 3.226 inscriptos, 2250 trabajos postulados y aproximadamente 129 talleres, cursos y minicursos.<\/p>\n<p>En su d\u00e9cima edici\u00f3n tendr\u00e1 como conferencias magnas y espect\u00e1culos centrales la Conferencia del Ing. Mario Benedetti titulada \u201cLHC, La m\u00e1quina de Dios. Descubriendo los secretos del Universo\u00bb; la Conferencia del Coordinador de la UdelaR (Universidad de la Rep\u00fablica) en el interior, Dr. Marcelo Achkar \u201cGesti\u00f3n y desenvolvimiento sustentable en la Regi\u00f3n del Pampa\u201d, la Conferencia del Economista Dr. Marcio Pochmann \u201cMercado de trabajo, innovaci\u00f3n y emprendedurismo\u00bb y la participaci\u00f3n de la Orquesta Sinf\u00f3nica Juvenil del SODRE en la ceremonia de apertura del evento.<\/p>\n<p>Configur\u00e1ndose como principal evento acad\u00e9mico internacional e interinstitucional de la regi\u00f3n Pampa, siendo por segundo a\u00f1o consecutivo declarado de inter\u00e9s Nacional por el Ministerio de Turismo y de inter\u00e9s Educativo por el Ministerio de Educaci\u00f3n y Cultura.<\/p>\n<div id='gallery-1' class='gallery galleryid-1380 gallery-columns-2 gallery-size-thumbnail'><figure class='gallery-item'>\n\t\t\t<div class='gallery-icon landscape'>\n\t\t\t\t<a href='https:\/\/www.rivera.gub.uy\/medioambiente\/wp-content\/uploads\/2018\/10\/foto1.png'><img loading=\"lazy\" decoding=\"async\" width=\"150\" height=\"150\" src=\"https:\/\/www.rivera.gub.uy\/medioambiente\/wp-content\/uploads\/2018\/10\/foto1-150x150.png\" class=\"attachment-thumbnail size-thumbnail\" alt=\"\" \/><\/a>\n\t\t\t<\/div><\/figure><figure class='gallery-item'>\n\t\t\t<div class='gallery-icon landscape'>\n\t\t\t\t<a href='https:\/\/www.rivera.gub.uy\/medioambiente\/wp-content\/uploads\/2018\/10\/foto2.png'><img loading=\"lazy\" decoding=\"async\" width=\"150\" height=\"150\" src=\"https:\/\/www.rivera.gub.uy\/medioambiente\/wp-content\/uploads\/2018\/10\/foto2-150x150.png\" class=\"attachment-thumbnail size-thumbnail\" alt=\"\" \/><\/a>\n\t\t\t<\/div><\/figure>\n\t\t<\/div>\n\n","protected":false},"excerpt":{"rendered":"<p>La 10\u00b0 edici\u00f3n de SIEPE (Sal\u00e3o Internacional de Ensino, Pesquisa e Extens\u00e3o), se realizar\u00e1 en Santana do Livramento (Brasil) y Rivera (Uruguay) los d\u00edas 6, 7 y 8 de noviembre de 2018. El pasado 24 de octubre, tuvo lugar la presentaci\u00f3n oficial del evento, en el Ministerio de Turismo. All\u00ed se hicieron presentes la Secretaria [&hellip;]<\/p>\n","protected":false},"author":2,"featured_media":1383,"comment_status":"open","ping_status":"open","sticky":false,"template":"","format":"standard","meta":{"footnotes":""},"categories":[1],"tags":[16,17,105,104],"_links":{"self":[{"href":"https:\/\/www.rivera.gub.uy\/medioambiente\/wp-json\/wp\/v2\/posts\/1380"}],"collection":[{"href":"https:\/\/www.rivera.gub.uy\/medioambiente\/wp-json\/wp\/v2\/posts"}],"about":[{"href":"https:\/\/www.rivera.gub.uy\/medioambiente\/wp-json\/wp\/v2\/types\/post"}],"author":[{"embeddable":true,"href":"https:\/\/www.rivera.gub.uy\/medioambiente\/wp-json\/wp\/v2\/users\/2"}],"replies":[{"embeddable":true,"href":"https:\/\/www.rivera.gub.uy\/medioambiente\/wp-json\/wp\/v2\/comments?post=1380"}],"version-history":[{"count":5,"href":"https:\/\/www.rivera.gub.uy\/medioambiente\/wp-json\/wp\/v2\/posts\/1380\/revisions"}],"predecessor-version":[{"id":1387,"href":"https:\/\/www.rivera.gub.uy\/medioambiente\/wp-json\/wp\/v2\/posts\/1380\/revisions\/1387"}],"wp:featuredmedia":[{"embeddable":true,"href":"https:\/\/www.rivera.gub.uy\/medioambiente\/wp-json\/wp\/v2\/media\/1383"}],"wp:attachment":[{"href":"https:\/\/www.rivera.gub.uy\/medioambiente\/wp-json\/wp\/v2\/media?parent=1380"}],"wp:term":[{"taxonomy":"category","embeddable":true,"href":"https:\/\/www.rivera.gub.uy\/medioambiente\/wp-json\/wp\/v2\/categories?post=1380"},{"taxonomy":"post_tag","embeddable":true,"href":"https:\/\/www.rivera.gub.uy\/medioambiente\/wp-json\/wp\/v2\/tags?post=1380"}],"curies":[{"name":"wp","href":"https:\/\/api.w.org\/{rel}","templated":true}]}}