{"id":1393,"date":"2018-11-07T14:56:19","date_gmt":"2018-11-07T14:56:19","guid":{"rendered":"https:\/\/www.rivera.gub.uy\/medioambiente\/?p=1393"},"modified":"2018-11-07T14:56:19","modified_gmt":"2018-11-07T14:56:19","slug":"los-jovenes-rurales-van-a-la-corte-a-defender-su-futuro-laboral","status":"publish","type":"post","link":"https:\/\/www.rivera.gub.uy\/medioambiente\/los-jovenes-rurales-van-a-la-corte-a-defender-su-futuro-laboral\/","title":{"rendered":"Los j\u00f3venes rurales van a la corte a defender su futuro laboral"},"content":{"rendered":"<p>El proyecto Trazando Rumbos escucha a la juventud sobre la cultura del trabajo.<\/p>\n<p>El pasado mi\u00e9rcoles 31 de octubre el proyecto Trazando Rumbos (IDR\/UMC-OPP) impulsado por la Divisi\u00f3n de Estrategia perteneciente a la Direcci\u00f3n General de Desarrollo y Medio Ambiente, desarroll\u00f3 en conjunto con el Ministerio de Trabajo de Seguridad Social (MTSS) un taller con j\u00f3venes del liceo de Cerro Pelado.<!--more--><br \/>\nEl taller tuvo por finalidad conocer \u201cque piensan\u201d nuestros j\u00f3venes sobre su futuro laboral y si actualmente la juventud posee una \u201ccultura del trabajo\u201d adecuada a lo que exige el mercado laboral. El taller utiliz\u00f3 diferentes herramientas l\u00fadicas que permitieron a los estudiantes expresarse libremente.<\/p>\n<p>Una de ellas fue la simulaci\u00f3n de un juicio oral donde un grupo de j\u00f3venes realiz\u00f3 la acusaci\u00f3n de la que la juventud en general \u201cno tiene cultura de trabajo\u201d, otro grupo presento una defensa de los j\u00f3venes y un tercer grupo actu\u00f3 de jurado.<\/p>\n<p>Dentro de los puntos altos de esta actividad se resalta el hecho de que los j\u00f3venes consideran que la falta de experiencia laboral es un requisito muy ponderado por la mayor\u00eda de las oportunidades laborales, y que l\u00f3gicamente ellos no la poseen por su corta edad, representando un obst\u00e1culo para su inserci\u00f3n.<\/p>\n<p>Esta acci\u00f3n se suma integran un conjunto de acciones que el proyecto Trazando Rumbos viene desplegando con j\u00f3venes del interior departamental con la finalidad de orientar e informar a los estudiantes rurales sobre las diversas alternativas educativas y laborales en la regi\u00f3n.<\/p>\n<p>Desde la coordinaci\u00f3n del proyecto se agradece a la direcci\u00f3n, adscriptos, y docentes del Liceo de Cerro Pelado por sumarse a esta iniciativa y visualizar en ella una herramienta de apoyo a nuestros j\u00f3venes.<\/p>\n","protected":false},"excerpt":{"rendered":"<p>El proyecto Trazando Rumbos escucha a la juventud sobre la cultura del trabajo. El pasado mi\u00e9rcoles 31 de octubre el proyecto Trazando Rumbos (IDR\/UMC-OPP) impulsado por la Divisi\u00f3n de Estrategia perteneciente a la Direcci\u00f3n General de Desarrollo y Medio Ambiente, desarroll\u00f3 en conjunto con el Ministerio de Trabajo de Seguridad Social (MTSS) un taller con [&hellip;]<\/p>\n","protected":false},"author":2,"featured_media":1310,"comment_status":"open","ping_status":"open","sticky":false,"template":"","format":"standard","meta":{"footnotes":""},"categories":[1],"tags":[20,57,16,17,30],"_links":{"self":[{"href":"https:\/\/www.rivera.gub.uy\/medioambiente\/wp-json\/wp\/v2\/posts\/1393"}],"collection":[{"href":"https:\/\/www.rivera.gub.uy\/medioambiente\/wp-json\/wp\/v2\/posts"}],"about":[{"href":"https:\/\/www.rivera.gub.uy\/medioambiente\/wp-json\/wp\/v2\/types\/post"}],"author":[{"embeddable":true,"href":"https:\/\/www.rivera.gub.uy\/medioambiente\/wp-json\/wp\/v2\/users\/2"}],"replies":[{"embeddable":true,"href":"https:\/\/www.rivera.gub.uy\/medioambiente\/wp-json\/wp\/v2\/comments?post=1393"}],"version-history":[{"count":1,"href":"https:\/\/www.rivera.gub.uy\/medioambiente\/wp-json\/wp\/v2\/posts\/1393\/revisions"}],"predecessor-version":[{"id":1394,"href":"https:\/\/www.rivera.gub.uy\/medioambiente\/wp-json\/wp\/v2\/posts\/1393\/revisions\/1394"}],"wp:featuredmedia":[{"embeddable":true,"href":"https:\/\/www.rivera.gub.uy\/medioambiente\/wp-json\/wp\/v2\/media\/1310"}],"wp:attachment":[{"href":"https:\/\/www.rivera.gub.uy\/medioambiente\/wp-json\/wp\/v2\/media?parent=1393"}],"wp:term":[{"taxonomy":"category","embeddable":true,"href":"https:\/\/www.rivera.gub.uy\/medioambiente\/wp-json\/wp\/v2\/categories?post=1393"},{"taxonomy":"post_tag","embeddable":true,"href":"https:\/\/www.rivera.gub.uy\/medioambiente\/wp-json\/wp\/v2\/tags?post=1393"}],"curies":[{"name":"wp","href":"https:\/\/api.w.org\/{rel}","templated":true}]}}