{"id":1395,"date":"2018-11-08T16:46:23","date_gmt":"2018-11-08T16:46:23","guid":{"rendered":"https:\/\/www.rivera.gub.uy\/medioambiente\/?p=1395"},"modified":"2018-11-08T16:53:50","modified_gmt":"2018-11-08T16:53:50","slug":"proyecto-cultura-emprendedora-visita-emprendimientos-locales-y-extranjeros","status":"publish","type":"post","link":"https:\/\/www.rivera.gub.uy\/medioambiente\/proyecto-cultura-emprendedora-visita-emprendimientos-locales-y-extranjeros\/","title":{"rendered":"Proyecto cultura emprendedora visita emprendimientos locales y extranjeros"},"content":{"rendered":"<p>En el marco del proyecto \u201cActitud emprendedora en la frontera\u201d, se llevaron a cabo\u00a0visitas a empresas de nuestro medio.<\/p>\n<p>Este proyecto es ejecutado por la Direcci\u00f3n General de Desarrollo y Medio Ambiente (IDR) y la Universidad Tecnol\u00f3gica del Uruguay (UTEC), con fondos de la Agencia Nacional de Desarrollo.\u00a0<!--more--><br \/>\nEn esta oportunidad, estudiantes de UTU pudieron conocer en detalle los procesos de producci\u00f3n, distribuci\u00f3n y comercializaci\u00f3n de dos plantas industriales en la ciudad de Rivera, espec\u00edficamente Fuente Oriente y CONAPROLE.<\/p>\n<p>La finalidad de esta visita es identificar potenciales puntos de mejora en los proceso de producci\u00f3n por parte de los estudiantes y presentar sobre el final de este a\u00f1o a los empresarios soluciones a esos problemas.<\/p>\n<p>Sumado a ello, el pr\u00f3ximo viernes 09 de noviembre los mismos estudiantes estar\u00e1n visitando empresas de la ciudad de Santa Mar\u00eda (RS) y participaran de una feria con m\u00e1s de 70 instituciones educativas que llevan adelante este mismo tipo de proyecto en el vecino pa\u00eds bajo la supervisi\u00f3n de la Universidade Federal de Santa Maria (UFSM).<\/p>\n<p>Esta ser\u00e1 una oportunidad \u00fanica para que los estudiantes conozcan otras realidades y formas de promover las habilidades emprendedoras.<\/p>\n<p>El proyecto Actitud emprendedora en la frontera quiere agradecer especialmente al docente Aldo Carneiro (UTU), al empresario Edgar Kalstein (Fuente Oriente) y al t\u00e9cnico Cledir Dos Santos (CONAPROLE) por su compromiso y entusiasmo en las recorridas realizadas.<\/p>\n<div id='gallery-1' class='gallery galleryid-1395 gallery-columns-2 gallery-size-medium'><figure class='gallery-item'>\n\t\t\t<div class='gallery-icon landscape'>\n\t\t\t\t<a href='https:\/\/www.rivera.gub.uy\/medioambiente\/wp-content\/uploads\/2018\/11\/Visitas-a-empresas-cultura-emprendedora1.jpg'><img loading=\"lazy\" decoding=\"async\" width=\"300\" height=\"225\" src=\"https:\/\/www.rivera.gub.uy\/medioambiente\/wp-content\/uploads\/2018\/11\/Visitas-a-empresas-cultura-emprendedora1-300x225.jpg\" class=\"attachment-medium size-medium\" alt=\"\" srcset=\"https:\/\/www.rivera.gub.uy\/medioambiente\/wp-content\/uploads\/2018\/11\/Visitas-a-empresas-cultura-emprendedora1-300x225.jpg 300w, https:\/\/www.rivera.gub.uy\/medioambiente\/wp-content\/uploads\/2018\/11\/Visitas-a-empresas-cultura-emprendedora1-768x576.jpg 768w, https:\/\/www.rivera.gub.uy\/medioambiente\/wp-content\/uploads\/2018\/11\/Visitas-a-empresas-cultura-emprendedora1-1024x768.jpg 1024w, https:\/\/www.rivera.gub.uy\/medioambiente\/wp-content\/uploads\/2018\/11\/Visitas-a-empresas-cultura-emprendedora1-820x615.jpg 820w, https:\/\/www.rivera.gub.uy\/medioambiente\/wp-content\/uploads\/2018\/11\/Visitas-a-empresas-cultura-emprendedora1.jpg 1280w\" sizes=\"(max-width: 300px) 100vw, 300px\" \/><\/a>\n\t\t\t<\/div><\/figure><figure class='gallery-item'>\n\t\t\t<div class='gallery-icon landscape'>\n\t\t\t\t<a href='https:\/\/www.rivera.gub.uy\/medioambiente\/wp-content\/uploads\/2018\/11\/Visitas-a-empresas-cultura-emprendedora2r.jpg'><img loading=\"lazy\" decoding=\"async\" width=\"300\" height=\"225\" src=\"https:\/\/www.rivera.gub.uy\/medioambiente\/wp-content\/uploads\/2018\/11\/Visitas-a-empresas-cultura-emprendedora2r-300x225.jpg\" class=\"attachment-medium size-medium\" alt=\"\" srcset=\"https:\/\/www.rivera.gub.uy\/medioambiente\/wp-content\/uploads\/2018\/11\/Visitas-a-empresas-cultura-emprendedora2r-300x225.jpg 300w, https:\/\/www.rivera.gub.uy\/medioambiente\/wp-content\/uploads\/2018\/11\/Visitas-a-empresas-cultura-emprendedora2r.jpg 640w\" sizes=\"(max-width: 300px) 100vw, 300px\" \/><\/a>\n\t\t\t<\/div><\/figure>\n\t\t<\/div>\n\n","protected":false},"excerpt":{"rendered":"<p>En el marco del proyecto \u201cActitud emprendedora en la frontera\u201d, se llevaron a cabo\u00a0visitas a empresas de nuestro medio. Este proyecto es ejecutado por la Direcci\u00f3n General de Desarrollo y Medio Ambiente (IDR) y la Universidad Tecnol\u00f3gica del Uruguay (UTEC), con fondos de la Agencia Nacional de Desarrollo.\u00a0<\/p>\n","protected":false},"author":2,"featured_media":1396,"comment_status":"open","ping_status":"open","sticky":false,"template":"","format":"standard","meta":{"footnotes":""},"categories":[1],"tags":[106,57,16,17],"_links":{"self":[{"href":"https:\/\/www.rivera.gub.uy\/medioambiente\/wp-json\/wp\/v2\/posts\/1395"}],"collection":[{"href":"https:\/\/www.rivera.gub.uy\/medioambiente\/wp-json\/wp\/v2\/posts"}],"about":[{"href":"https:\/\/www.rivera.gub.uy\/medioambiente\/wp-json\/wp\/v2\/types\/post"}],"author":[{"embeddable":true,"href":"https:\/\/www.rivera.gub.uy\/medioambiente\/wp-json\/wp\/v2\/users\/2"}],"replies":[{"embeddable":true,"href":"https:\/\/www.rivera.gub.uy\/medioambiente\/wp-json\/wp\/v2\/comments?post=1395"}],"version-history":[{"count":1,"href":"https:\/\/www.rivera.gub.uy\/medioambiente\/wp-json\/wp\/v2\/posts\/1395\/revisions"}],"predecessor-version":[{"id":1398,"href":"https:\/\/www.rivera.gub.uy\/medioambiente\/wp-json\/wp\/v2\/posts\/1395\/revisions\/1398"}],"wp:featuredmedia":[{"embeddable":true,"href":"https:\/\/www.rivera.gub.uy\/medioambiente\/wp-json\/wp\/v2\/media\/1396"}],"wp:attachment":[{"href":"https:\/\/www.rivera.gub.uy\/medioambiente\/wp-json\/wp\/v2\/media?parent=1395"}],"wp:term":[{"taxonomy":"category","embeddable":true,"href":"https:\/\/www.rivera.gub.uy\/medioambiente\/wp-json\/wp\/v2\/categories?post=1395"},{"taxonomy":"post_tag","embeddable":true,"href":"https:\/\/www.rivera.gub.uy\/medioambiente\/wp-json\/wp\/v2\/tags?post=1395"}],"curies":[{"name":"wp","href":"https:\/\/api.w.org\/{rel}","templated":true}]}}