{"id":1401,"date":"2018-11-13T12:55:23","date_gmt":"2018-11-13T12:55:23","guid":{"rendered":"https:\/\/www.rivera.gub.uy\/medioambiente\/?p=1401"},"modified":"2018-11-13T13:01:47","modified_gmt":"2018-11-13T13:01:47","slug":"primera-produccion-de-carbon-a-base-de-acacia-negra-extraida-del-cunapiru","status":"publish","type":"post","link":"https:\/\/www.rivera.gub.uy\/medioambiente\/primera-produccion-de-carbon-a-base-de-acacia-negra-extraida-del-cunapiru\/","title":{"rendered":"Primera producci\u00f3n de carb\u00f3n a base de acacia negra extra\u00edda del Cu\u00f1apir\u00fa"},"content":{"rendered":"<p>Facultad de Ciencias e IDR construyen una alternativa de producci\u00f3n de carb\u00f3n ecol\u00f3gico.<\/p>\n<p>El pasado lunes 5 de noviembre el proyecto Acacia Negra, conducido conjuntamente por la Facultad de Ciencias (UDELAR) y la Intendencia Departamental de Rivera (Divisiones Desarrollo Rural y Estrategias) y que cuenta con fondos de la Agencia Nacional de Investigaci\u00f3n e Innovaci\u00f3n (ANII) han realizado la primera producci\u00f3n oficial de Acacia Negra extra\u00edda de un padr\u00f3n municipal en las m\u00e1rgenes del Arroyo Cu\u00f1apir\u00fa.<!--more--><\/p>\n<p>En esta oportunidad se realiz\u00f3 una prueba con cinco hornos en el predio de la carboner\u00eda \u201cEl Progreso\u201d, el carb\u00f3n obtenido se pes\u00f3 y fueron extra\u00eddas muestras para evaluar su calidad en el laboratorio del Polo Educativo Tecnol\u00f3gico de Rivera (CETP) y la Facultad de Agronom\u00eda (UDELAR). As\u00ed se pretende evaluar su poder calor\u00edfico y al mismo tiempo compararlo con el de distintas marcas de carb\u00f3n vegetal ofrecidos en el mercado local.<\/p>\n<p>Cabe destacar que estos estudios est\u00e1n basados en las principales normas de calidad a nivel mundial para el carb\u00f3n vegetal.<\/p>\n<h3>El futuro<\/h3>\n<p>En la actualidad, la acacia negra representa un problema ambiental en toda Am\u00e9rica Latina siendo una especie invasora originaria de norte am\u00e9rica. Los problemas ambientales que causa esta especie est\u00e1n asociados al desplazamiento de otras nativas y fundamentalmente la r\u00e1pida colonizaci\u00f3n de espacios propicios para la ganader\u00eda los que se transforman en inaccesibles al ganado. La propuesta del proyecto es generar un modelo de uso (tala y control) de acacia negra en las m\u00e1rgenes del arroyo Cu\u00f1apir\u00fa, que permita generar espacios de esparcimiento para la poblaci\u00f3n y al mismo tiempo pueda generar una oportunidad econ\u00f3mica para poblaciones vulnerables que elaboran carb\u00f3n.<\/p>\n<div id='gallery-1' class='gallery galleryid-1401 gallery-columns-3 gallery-size-thumbnail'><figure class='gallery-item'>\n\t\t\t<div class='gallery-icon portrait'>\n\t\t\t\t<a href='https:\/\/www.rivera.gub.uy\/medioambiente\/wp-content\/uploads\/2018\/11\/testeo-de-GT-Nov2018.jpg'><img loading=\"lazy\" decoding=\"async\" width=\"150\" height=\"150\" src=\"https:\/\/www.rivera.gub.uy\/medioambiente\/wp-content\/uploads\/2018\/11\/testeo-de-GT-Nov2018-150x150.jpg\" class=\"attachment-thumbnail size-thumbnail\" alt=\"\" \/><\/a>\n\t\t\t<\/div><\/figure><figure class='gallery-item'>\n\t\t\t<div class='gallery-icon landscape'>\n\t\t\t\t<a href='https:\/\/www.rivera.gub.uy\/medioambiente\/wp-content\/uploads\/2018\/11\/testeo-de-GT-Nov2108.jpg'><img loading=\"lazy\" decoding=\"async\" width=\"150\" height=\"150\" src=\"https:\/\/www.rivera.gub.uy\/medioambiente\/wp-content\/uploads\/2018\/11\/testeo-de-GT-Nov2108-150x150.jpg\" class=\"attachment-thumbnail size-thumbnail\" alt=\"\" \/><\/a>\n\t\t\t<\/div><\/figure><figure class='gallery-item'>\n\t\t\t<div class='gallery-icon portrait'>\n\t\t\t\t<a href='https:\/\/www.rivera.gub.uy\/medioambiente\/wp-content\/uploads\/2018\/11\/testeo-de-GT-Nov20181.jpg'><img loading=\"lazy\" decoding=\"async\" width=\"150\" height=\"150\" src=\"https:\/\/www.rivera.gub.uy\/medioambiente\/wp-content\/uploads\/2018\/11\/testeo-de-GT-Nov20181-150x150.jpg\" class=\"attachment-thumbnail size-thumbnail\" alt=\"\" \/><\/a>\n\t\t\t<\/div><\/figure>\n\t\t<\/div>\n\n","protected":false},"excerpt":{"rendered":"<p>Facultad de Ciencias e IDR construyen una alternativa de producci\u00f3n de carb\u00f3n ecol\u00f3gico. El pasado lunes 5 de noviembre el proyecto Acacia Negra, conducido conjuntamente por la Facultad de Ciencias (UDELAR) y la Intendencia Departamental de Rivera (Divisiones Desarrollo Rural y Estrategias) y que cuenta con fondos de la Agencia Nacional de Investigaci\u00f3n e Innovaci\u00f3n [&hellip;]<\/p>\n","protected":false},"author":2,"featured_media":1403,"comment_status":"open","ping_status":"open","sticky":false,"template":"","format":"standard","meta":{"footnotes":""},"categories":[1],"tags":[90,92,20,16,17],"_links":{"self":[{"href":"https:\/\/www.rivera.gub.uy\/medioambiente\/wp-json\/wp\/v2\/posts\/1401"}],"collection":[{"href":"https:\/\/www.rivera.gub.uy\/medioambiente\/wp-json\/wp\/v2\/posts"}],"about":[{"href":"https:\/\/www.rivera.gub.uy\/medioambiente\/wp-json\/wp\/v2\/types\/post"}],"author":[{"embeddable":true,"href":"https:\/\/www.rivera.gub.uy\/medioambiente\/wp-json\/wp\/v2\/users\/2"}],"replies":[{"embeddable":true,"href":"https:\/\/www.rivera.gub.uy\/medioambiente\/wp-json\/wp\/v2\/comments?post=1401"}],"version-history":[{"count":2,"href":"https:\/\/www.rivera.gub.uy\/medioambiente\/wp-json\/wp\/v2\/posts\/1401\/revisions"}],"predecessor-version":[{"id":1406,"href":"https:\/\/www.rivera.gub.uy\/medioambiente\/wp-json\/wp\/v2\/posts\/1401\/revisions\/1406"}],"wp:featuredmedia":[{"embeddable":true,"href":"https:\/\/www.rivera.gub.uy\/medioambiente\/wp-json\/wp\/v2\/media\/1403"}],"wp:attachment":[{"href":"https:\/\/www.rivera.gub.uy\/medioambiente\/wp-json\/wp\/v2\/media?parent=1401"}],"wp:term":[{"taxonomy":"category","embeddable":true,"href":"https:\/\/www.rivera.gub.uy\/medioambiente\/wp-json\/wp\/v2\/categories?post=1401"},{"taxonomy":"post_tag","embeddable":true,"href":"https:\/\/www.rivera.gub.uy\/medioambiente\/wp-json\/wp\/v2\/tags?post=1401"}],"curies":[{"name":"wp","href":"https:\/\/api.w.org\/{rel}","templated":true}]}}