{"id":1415,"date":"2018-12-03T21:40:21","date_gmt":"2018-12-03T21:40:21","guid":{"rendered":"https:\/\/www.rivera.gub.uy\/medioambiente\/?p=1415"},"modified":"2018-12-03T21:40:29","modified_gmt":"2018-12-03T21:40:29","slug":"prevencion-de-incendios","status":"publish","type":"post","link":"https:\/\/www.rivera.gub.uy\/medioambiente\/prevencion-de-incendios\/","title":{"rendered":"Prevenci\u00f3n de incendios"},"content":{"rendered":"<p>La Intendencia Departamental de Rivera, a trav\u00e9s del proyecto Red de Desarrollo Maderero de Rivera (REDEMA), convoca a estudiantes y profesores de las carreras t\u00e9cnico forestal, log\u00edstica, carpinter\u00eda y a empresarios de micro y peque\u00f1os aserraderos de Rivera, a participar de importante reuni\u00f3n con la Direcci\u00f3n Nacional de Bomberos.<!--more--><\/p>\n<p>La actividad tendr\u00e1 lugar el pr\u00f3ximo jueves 6 de diciembre, a las 8 de la ma\u00f1ana en el Centro Universitario de Rivera (Ituzaing\u00f3, 667).<\/p>\n<p><a href=\"https:\/\/www.rivera.gub.uy\/medioambiente\/wp-content\/uploads\/2018\/12\/redema-252F4-4.png\"><img loading=\"lazy\" decoding=\"async\" class=\"aligncenter wp-image-1416 size-medium\" src=\"https:\/\/www.rivera.gub.uy\/medioambiente\/wp-content\/uploads\/2018\/12\/redema-252F4-4-300x300.png\" alt=\"\" width=\"300\" height=\"300\" srcset=\"https:\/\/www.rivera.gub.uy\/medioambiente\/wp-content\/uploads\/2018\/12\/redema-252F4-4-300x300.png 300w, https:\/\/www.rivera.gub.uy\/medioambiente\/wp-content\/uploads\/2018\/12\/redema-252F4-4-150x150.png 150w, https:\/\/www.rivera.gub.uy\/medioambiente\/wp-content\/uploads\/2018\/12\/redema-252F4-4-768x768.png 768w, https:\/\/www.rivera.gub.uy\/medioambiente\/wp-content\/uploads\/2018\/12\/redema-252F4-4.png 800w\" sizes=\"(max-width: 300px) 100vw, 300px\" \/><\/a><\/p>\n","protected":false},"excerpt":{"rendered":"<p>La Intendencia Departamental de Rivera, a trav\u00e9s del proyecto Red de Desarrollo Maderero de Rivera (REDEMA), convoca a estudiantes y profesores de las carreras t\u00e9cnico forestal, log\u00edstica, carpinter\u00eda y a empresarios de micro y peque\u00f1os aserraderos de Rivera, a participar de importante reuni\u00f3n con la Direcci\u00f3n Nacional de Bomberos.<\/p>\n","protected":false},"author":2,"featured_media":1416,"comment_status":"open","ping_status":"open","sticky":false,"template":"","format":"standard","meta":{"footnotes":""},"categories":[1],"tags":[108,57,16,55,17],"_links":{"self":[{"href":"https:\/\/www.rivera.gub.uy\/medioambiente\/wp-json\/wp\/v2\/posts\/1415"}],"collection":[{"href":"https:\/\/www.rivera.gub.uy\/medioambiente\/wp-json\/wp\/v2\/posts"}],"about":[{"href":"https:\/\/www.rivera.gub.uy\/medioambiente\/wp-json\/wp\/v2\/types\/post"}],"author":[{"embeddable":true,"href":"https:\/\/www.rivera.gub.uy\/medioambiente\/wp-json\/wp\/v2\/users\/2"}],"replies":[{"embeddable":true,"href":"https:\/\/www.rivera.gub.uy\/medioambiente\/wp-json\/wp\/v2\/comments?post=1415"}],"version-history":[{"count":1,"href":"https:\/\/www.rivera.gub.uy\/medioambiente\/wp-json\/wp\/v2\/posts\/1415\/revisions"}],"predecessor-version":[{"id":1417,"href":"https:\/\/www.rivera.gub.uy\/medioambiente\/wp-json\/wp\/v2\/posts\/1415\/revisions\/1417"}],"wp:featuredmedia":[{"embeddable":true,"href":"https:\/\/www.rivera.gub.uy\/medioambiente\/wp-json\/wp\/v2\/media\/1416"}],"wp:attachment":[{"href":"https:\/\/www.rivera.gub.uy\/medioambiente\/wp-json\/wp\/v2\/media?parent=1415"}],"wp:term":[{"taxonomy":"category","embeddable":true,"href":"https:\/\/www.rivera.gub.uy\/medioambiente\/wp-json\/wp\/v2\/categories?post=1415"},{"taxonomy":"post_tag","embeddable":true,"href":"https:\/\/www.rivera.gub.uy\/medioambiente\/wp-json\/wp\/v2\/tags?post=1415"}],"curies":[{"name":"wp","href":"https:\/\/api.w.org\/{rel}","templated":true}]}}