{"id":1418,"date":"2018-11-06T12:51:28","date_gmt":"2018-11-06T12:51:28","guid":{"rendered":"https:\/\/www.rivera.gub.uy\/medioambiente\/?p=1418"},"modified":"2018-12-17T16:22:48","modified_gmt":"2018-12-17T16:22:48","slug":"red-de-desarrollo-maderero-de-rivera-trabaja-en-la-mejora-de-los-procesos-en-las-empresas-de-la-madera","status":"publish","type":"post","link":"https:\/\/www.rivera.gub.uy\/medioambiente\/red-de-desarrollo-maderero-de-rivera-trabaja-en-la-mejora-de-los-procesos-en-las-empresas-de-la-madera\/","title":{"rendered":"Red de Desarrollo Maderero de Rivera trabaja en la mejora de los procesos en las empresas de la madera"},"content":{"rendered":"<p>La Intendencia Departamental de Rivera (IDR), junto al comit\u00e9 de seguimiento interinstitucional: Oficina de Planeamiento y Presupuesto (OPP)- Agencia Nacional de Desarrollo (ANDE), Ministerio de Industria y Energ\u00eda (MIEM), Tecn\u00f3logo en Madera (ANEP-UDELAR), Centro de Extensionismo Industrial (CEI), Centro Latinoamericano de Econom\u00eda Humana (CLAEH), se encuentran trabajando en el proyecto \u201cDesarrollo y fortalecimiento de la cadena de valor del sector maderero de Rivera, con \u00e9nfasis en la mejora de la productividad, de la competitividad y de la calidad de empleo\u201d \/ Red de Desarrollo Maderero de Rivera (REDEMA).<!--more--><\/p>\n<p>\u00abUno de sus resultados esperados es que las empresas participantes del proyecto est\u00e9n asesoradas en la mejora de sus capacidades en seguridad industrial y gesti\u00f3n de riesgos. Por este motivo, se est\u00e1 trabajando en la la incorporaci\u00f3n de un t\u00e9cnico\/consultor\/profesional especialista en el \u00e1rea de seguridad industrial y gesti\u00f3n de riesgos, con experiencia en trabajos anteriores como t\u00e9cnico prevencionista en aserraderos que pueda apoyar con asesoramiento para dise\u00f1ar procedimientos seguridad en la l\u00ednea de producci\u00f3n de aserraderos y planes de prevenci\u00f3n de incendio para las empresas, tendientes a mejorar la seguridad industrial y laboral, con \u00e9nfasis en la mejora de la seguridad\u00bb, afirma Paola Serrentino, gerenta ejecutora del proyecto.<\/p>\n<p>Para el desarrollo de esta actividad se trabajara con el equipo ejecutor y el diagn\u00f3stico en procesos productivos que se relevaron en los 32 aserraderos pertenecientes a la ciudad de Rivera y de Tranqueras, que conforman el proyecto, como base de trabajo.<\/p>\n<p>El inicio de esta actividad esta prevista para marzo de 2019.<\/p>\n<p><a href=\"https:\/\/www.rivera.gub.uy\/medioambiente\/wp-content\/uploads\/2018\/12\/redema-5.jpg\"><img loading=\"lazy\" decoding=\"async\" class=\"aligncenter wp-image-1421 size-medium\" src=\"https:\/\/www.rivera.gub.uy\/medioambiente\/wp-content\/uploads\/2018\/12\/redema-5-200x300.jpg\" alt=\"\" width=\"200\" height=\"300\" srcset=\"https:\/\/www.rivera.gub.uy\/medioambiente\/wp-content\/uploads\/2018\/12\/redema-5-200x300.jpg 200w, https:\/\/www.rivera.gub.uy\/medioambiente\/wp-content\/uploads\/2018\/12\/redema-5-768x1152.jpg 768w, https:\/\/www.rivera.gub.uy\/medioambiente\/wp-content\/uploads\/2018\/12\/redema-5-683x1024.jpg 683w, https:\/\/www.rivera.gub.uy\/medioambiente\/wp-content\/uploads\/2018\/12\/redema-5-820x1230.jpg 820w\" sizes=\"(max-width: 200px) 100vw, 200px\" \/><\/a><\/p>\n","protected":false},"excerpt":{"rendered":"<p>La Intendencia Departamental de Rivera (IDR), junto al comit\u00e9 de seguimiento interinstitucional: Oficina de Planeamiento y Presupuesto (OPP)- Agencia Nacional de Desarrollo (ANDE), Ministerio de Industria y Energ\u00eda (MIEM), Tecn\u00f3logo en Madera (ANEP-UDELAR), Centro de Extensionismo Industrial (CEI), Centro Latinoamericano de Econom\u00eda Humana (CLAEH), se encuentran trabajando en el proyecto \u201cDesarrollo y fortalecimiento de la [&hellip;]<\/p>\n","protected":false},"author":2,"featured_media":1420,"comment_status":"open","ping_status":"open","sticky":false,"template":"","format":"standard","meta":{"footnotes":""},"categories":[1],"tags":[57,16,55,17],"_links":{"self":[{"href":"https:\/\/www.rivera.gub.uy\/medioambiente\/wp-json\/wp\/v2\/posts\/1418"}],"collection":[{"href":"https:\/\/www.rivera.gub.uy\/medioambiente\/wp-json\/wp\/v2\/posts"}],"about":[{"href":"https:\/\/www.rivera.gub.uy\/medioambiente\/wp-json\/wp\/v2\/types\/post"}],"author":[{"embeddable":true,"href":"https:\/\/www.rivera.gub.uy\/medioambiente\/wp-json\/wp\/v2\/users\/2"}],"replies":[{"embeddable":true,"href":"https:\/\/www.rivera.gub.uy\/medioambiente\/wp-json\/wp\/v2\/comments?post=1418"}],"version-history":[{"count":2,"href":"https:\/\/www.rivera.gub.uy\/medioambiente\/wp-json\/wp\/v2\/posts\/1418\/revisions"}],"predecessor-version":[{"id":1422,"href":"https:\/\/www.rivera.gub.uy\/medioambiente\/wp-json\/wp\/v2\/posts\/1418\/revisions\/1422"}],"wp:featuredmedia":[{"embeddable":true,"href":"https:\/\/www.rivera.gub.uy\/medioambiente\/wp-json\/wp\/v2\/media\/1420"}],"wp:attachment":[{"href":"https:\/\/www.rivera.gub.uy\/medioambiente\/wp-json\/wp\/v2\/media?parent=1418"}],"wp:term":[{"taxonomy":"category","embeddable":true,"href":"https:\/\/www.rivera.gub.uy\/medioambiente\/wp-json\/wp\/v2\/categories?post=1418"},{"taxonomy":"post_tag","embeddable":true,"href":"https:\/\/www.rivera.gub.uy\/medioambiente\/wp-json\/wp\/v2\/tags?post=1418"}],"curies":[{"name":"wp","href":"https:\/\/api.w.org\/{rel}","templated":true}]}}