{"id":1423,"date":"2018-12-06T13:22:56","date_gmt":"2018-12-06T13:22:56","guid":{"rendered":"https:\/\/www.rivera.gub.uy\/medioambiente\/?p=1423"},"modified":"2018-12-06T13:22:56","modified_gmt":"2018-12-06T13:22:56","slug":"arte-artesania","status":"publish","type":"post","link":"https:\/\/www.rivera.gub.uy\/medioambiente\/arte-artesania\/","title":{"rendered":"Arte Artesan\u00eda"},"content":{"rendered":"<p>Del 7 al 9 de diciembre, se realizar\u00e1 la 2\u00aa edici\u00f3n de la Feria de \u00abArte Artesan\u00eda\u00bb en el Shopping Melanc\u00eda de Rivera.<\/p>\n<p>Este evento es llevado adelante por la Asociaci\u00f3n Civil MEPRI (Mujeres Empresarias y Profesionales de Rivera).<!--more--><\/p>\n<p>Arte Artesan\u00eda, es una potente herramienta a disposici\u00f3n de las artistas y artesanas de la regi\u00f3n, que tiene la finalidad de valorizar el capital cultural, promocionando y comercializando los productos.<\/p>\n<div id='gallery-1' class='gallery galleryid-1423 gallery-columns-2 gallery-size-thumbnail'><figure class='gallery-item'>\n\t\t\t<div class='gallery-icon landscape'>\n\t\t\t\t<a href='https:\/\/www.rivera.gub.uy\/medioambiente\/wp-content\/uploads\/2018\/12\/1.jpg'><img loading=\"lazy\" decoding=\"async\" width=\"150\" height=\"150\" src=\"https:\/\/www.rivera.gub.uy\/medioambiente\/wp-content\/uploads\/2018\/12\/1-150x150.jpg\" class=\"attachment-thumbnail size-thumbnail\" alt=\"\" \/><\/a>\n\t\t\t<\/div><\/figure><figure class='gallery-item'>\n\t\t\t<div class='gallery-icon landscape'>\n\t\t\t\t<a href='https:\/\/www.rivera.gub.uy\/medioambiente\/wp-content\/uploads\/2018\/12\/2.jpg'><img loading=\"lazy\" decoding=\"async\" width=\"150\" height=\"150\" src=\"https:\/\/www.rivera.gub.uy\/medioambiente\/wp-content\/uploads\/2018\/12\/2-150x150.jpg\" class=\"attachment-thumbnail size-thumbnail\" alt=\"\" \/><\/a>\n\t\t\t<\/div><\/figure>\n\t\t<\/div>\n\n","protected":false},"excerpt":{"rendered":"<p>Del 7 al 9 de diciembre, se realizar\u00e1 la 2\u00aa edici\u00f3n de la Feria de \u00abArte Artesan\u00eda\u00bb en el Shopping Melanc\u00eda de Rivera. Este evento es llevado adelante por la Asociaci\u00f3n Civil MEPRI (Mujeres Empresarias y Profesionales de Rivera).<\/p>\n","protected":false},"author":2,"featured_media":1424,"comment_status":"open","ping_status":"open","sticky":false,"template":"","format":"standard","meta":{"footnotes":""},"categories":[1],"tags":[109,57,16,17],"_links":{"self":[{"href":"https:\/\/www.rivera.gub.uy\/medioambiente\/wp-json\/wp\/v2\/posts\/1423"}],"collection":[{"href":"https:\/\/www.rivera.gub.uy\/medioambiente\/wp-json\/wp\/v2\/posts"}],"about":[{"href":"https:\/\/www.rivera.gub.uy\/medioambiente\/wp-json\/wp\/v2\/types\/post"}],"author":[{"embeddable":true,"href":"https:\/\/www.rivera.gub.uy\/medioambiente\/wp-json\/wp\/v2\/users\/2"}],"replies":[{"embeddable":true,"href":"https:\/\/www.rivera.gub.uy\/medioambiente\/wp-json\/wp\/v2\/comments?post=1423"}],"version-history":[{"count":2,"href":"https:\/\/www.rivera.gub.uy\/medioambiente\/wp-json\/wp\/v2\/posts\/1423\/revisions"}],"predecessor-version":[{"id":1427,"href":"https:\/\/www.rivera.gub.uy\/medioambiente\/wp-json\/wp\/v2\/posts\/1423\/revisions\/1427"}],"wp:featuredmedia":[{"embeddable":true,"href":"https:\/\/www.rivera.gub.uy\/medioambiente\/wp-json\/wp\/v2\/media\/1424"}],"wp:attachment":[{"href":"https:\/\/www.rivera.gub.uy\/medioambiente\/wp-json\/wp\/v2\/media?parent=1423"}],"wp:term":[{"taxonomy":"category","embeddable":true,"href":"https:\/\/www.rivera.gub.uy\/medioambiente\/wp-json\/wp\/v2\/categories?post=1423"},{"taxonomy":"post_tag","embeddable":true,"href":"https:\/\/www.rivera.gub.uy\/medioambiente\/wp-json\/wp\/v2\/tags?post=1423"}],"curies":[{"name":"wp","href":"https:\/\/api.w.org\/{rel}","templated":true}]}}